{"id":1347,"date":"2014-11-03T13:56:34","date_gmt":"2014-11-03T11:56:34","guid":{"rendered":"http:\/\/hwvammerbuch.wordpress.com\/?p=1347"},"modified":"2014-11-03T13:56:34","modified_gmt":"2014-11-03T11:56:34","slug":"vereinsnachrichten-woche-45-3","status":"publish","type":"post","link":"https:\/\/www.hwv-ammerbuch.de\/?p=1347","title":{"rendered":"Vereinsnachrichten Woche 45"},"content":{"rendered":"<p><strong>H\u00fcttenbetrieb Dienstagstreff<\/strong><br \/>\nAm Dienstag, dem 11.11.2014 ist die Palmbergh\u00fctte ab 15:00 Uhr ge\u00f6ffnet.<br \/>\nDie Wirtsleute Monika und Wolfgang Mang sind bereit viele gutgelaunte G\u00e4ste zu bewirten.<\/p>\n<p><strong>Bazar in der Palmbergh\u00fctte<\/strong><br \/>\nAm Sonntag, dem 16.11.2014 ab 11:00 Uhr startet unser 3. Bazar in der Palmbergh\u00fctte. Die Teilnehmerinnen vom \u201eStricknachmittag\u201c haben nun nach harter Arbeit mit Nadeln, Wolle und Faden so einiges gezaubert das nun zum Verkauf angeboten werden soll. Es werden Strick- und H\u00e4kelwaren nebst Patchwork angeboten. F\u00fcr das leibliche Wohl bieten wir Wei\u00dfwurst mit Brezel und nachmittags Kaffee und Kuchen an. F\u00fcr musikalische Unterhaltung sorgt Emmerich mit live Musik.<\/p>\n<p style=\"text-align:right;\">Hans Niethammer | Schriftf\u00fchrer<\/p>\n","protected":false},"excerpt":{"rendered":"<p>H\u00fcttenbetrieb Dienstagstreff Am Dienstag, dem 11.11.2014 ist die Palmbergh\u00fctte ab 15:00 Uhr ge\u00f6ffnet. Die Wirtsleute Monika und Wolfgang Mang sind bereit viele gutgelaunte G\u00e4ste zu bewirten. Bazar in der Palmbergh\u00fctte Am Sonntag, dem 16.11.2014 ab 11:00 Uhr startet unser 3. Bazar in der Palmbergh\u00fctte. Die Teilnehmerinnen vom \u201eStricknachmittag\u201c haben nun nach harter Arbeit mit Nadeln,Continue reading &rarr;<\/p>\n","protected":false},"author":1,"featured_media":0,"comment_status":"closed","ping_status":"open","sticky":false,"template":"","format":"standard","meta":{"footnotes":""},"categories":[1],"tags":[],"class_list":["post-1347","post","type-post","status-publish","format-standard","hentry","category-aktuelles","no-thumb"],"_links":{"self":[{"href":"https:\/\/www.hwv-ammerbuch.de\/index.php?rest_route=\/wp\/v2\/posts\/1347","targetHints":{"allow":["GET"]}}],"collection":[{"href":"https:\/\/www.hwv-ammerbuch.de\/index.php?rest_route=\/wp\/v2\/posts"}],"about":[{"href":"https:\/\/www.hwv-ammerbuch.de\/index.php?rest_route=\/wp\/v2\/types\/post"}],"author":[{"embeddable":true,"href":"https:\/\/www.hwv-ammerbuch.de\/index.php?rest_route=\/wp\/v2\/users\/1"}],"replies":[{"embeddable":true,"href":"https:\/\/www.hwv-ammerbuch.de\/index.php?rest_route=%2Fwp%2Fv2%2Fcomments&post=1347"}],"version-history":[{"count":0,"href":"https:\/\/www.hwv-ammerbuch.de\/index.php?rest_route=\/wp\/v2\/posts\/1347\/revisions"}],"wp:attachment":[{"href":"https:\/\/www.hwv-ammerbuch.de\/index.php?rest_route=%2Fwp%2Fv2%2Fmedia&parent=1347"}],"wp:term":[{"taxonomy":"category","embeddable":true,"href":"https:\/\/www.hwv-ammerbuch.de\/index.php?rest_route=%2Fwp%2Fv2%2Fcategories&post=1347"},{"taxonomy":"post_tag","embeddable":true,"href":"https:\/\/www.hwv-ammerbuch.de\/index.php?rest_route=%2Fwp%2Fv2%2Ftags&post=1347"}],"curies":[{"name":"wp","href":"https:\/\/api.w.org\/{rel}","templated":true}]}}