{"id":1336,"date":"2014-10-13T09:24:20","date_gmt":"2014-10-13T07:24:20","guid":{"rendered":"http:\/\/hwvammerbuch.wordpress.com\/?p=1336"},"modified":"2014-10-29T21:14:42","modified_gmt":"2014-10-29T21:14:42","slug":"vereinsnachrichten-woche-42-4","status":"publish","type":"post","link":"https:\/\/www.hwv-ammerbuch.de\/?p=1336","title":{"rendered":"Vereinsnachrichten Woche 42"},"content":{"rendered":"<p><strong>Tageswanderung<\/strong><br \/>\nWie schon in der letzten Ausgabe mitgeteilt, findet am Sonntag 19.10.2014 eine Tageswanderung statt, wenn m\u00f6glich bitte Wanderst\u00f6cke mitnehmen. Wir treffen uns um 10:00 Uhr am Feuerwehrhaus in Poltringen und machen uns in Fahrgemeinschaft auf den Weg nach M\u00f6ssingen\/Talheim. Gegen 11:00 Uhr erwartet uns dort der Bergrutschf\u00fchrer Herr Armin Dieter. Er f\u00fchrt uns \u00fcber 2,5 Std. 3 km weit durch das Gebiet, in dem 1983 im April der Berg ins Rutschen kam. Herr Dieter wird uns erkl\u00e4ren, wie es zum Jahrhundertereignis kam und wir erleben, wie die Natur eine total zerst\u00f6rte Landschaft von Tier und Pflanzenwelt wieder besiedelt wird. Danach hat eventuell der Eine oder Andere Lust auf eine kleine Rast, die aber nicht als Mittagsrast dienen soll, dabei k\u00f6nnte ich kurz noch auf unser n\u00e4chstes Vorhaben, den Erdrutsch in \u00d6schingen eingehen. Wie gesagt, fahren wir nun nach \u00d6schingen und schauen uns dort den Erdrutsch vom Juni 2013 an, es ist gleicherma\u00dfen ein beeindruckendes Erlebnis. So gegen 15:00 \/ 15:30 Uhr werden wir schon im Gasthof Lamm in M\u00f6ssingen erwartet, wo wir uns st\u00e4rken k\u00f6nnen und \u00fcber das Erlebte plaudern. Es wird also kein sehr anstrengender Tag, die R\u00fcckkehr ist geplant so gegen 17:30\/ 18:00 Uhr. Wir w\u00fcrden uns \u00fcber gute Teilnahme und Gastwanderer sehr freuen. Der Unkostenbeitrag f\u00fcr den Bergrutschf\u00fchrer f\u00fcr Nichtmitglieder betr\u00e4gt 5,&#8211; \u20ac.<br \/>\nFahrkostenanteil ist direkt mit dem Fahrer zu begleichen (5,&#8211; \u20ac\/100Km)<\/p>\n<p style=\"text-align:right;\">Wanderf\u00fchrerin Margarete Sailer<br \/>\nWanderwart | Gerold Sailer<\/p>\n","protected":false},"excerpt":{"rendered":"<p>Tageswanderung Wie schon in der letzten Ausgabe mitgeteilt, findet am Sonntag 19.10.2014 eine Tageswanderung statt, wenn m\u00f6glich bitte Wanderst\u00f6cke mitnehmen. Wir treffen uns um 10:00 Uhr am Feuerwehrhaus in Poltringen und machen uns in Fahrgemeinschaft auf den Weg nach M\u00f6ssingen\/Talheim. Gegen 11:00 Uhr erwartet uns dort der Bergrutschf\u00fchrer Herr Armin Dieter. Er f\u00fchrt uns \u00fcberContinue reading &rarr;<\/p>\n","protected":false},"author":1,"featured_media":0,"comment_status":"closed","ping_status":"open","sticky":false,"template":"","format":"standard","meta":{"footnotes":""},"categories":[1],"tags":[],"class_list":["post-1336","post","type-post","status-publish","format-standard","hentry","category-aktuelles","no-thumb"],"_links":{"self":[{"href":"https:\/\/www.hwv-ammerbuch.de\/index.php?rest_route=\/wp\/v2\/posts\/1336","targetHints":{"allow":["GET"]}}],"collection":[{"href":"https:\/\/www.hwv-ammerbuch.de\/index.php?rest_route=\/wp\/v2\/posts"}],"about":[{"href":"https:\/\/www.hwv-ammerbuch.de\/index.php?rest_route=\/wp\/v2\/types\/post"}],"author":[{"embeddable":true,"href":"https:\/\/www.hwv-ammerbuch.de\/index.php?rest_route=\/wp\/v2\/users\/1"}],"replies":[{"embeddable":true,"href":"https:\/\/www.hwv-ammerbuch.de\/index.php?rest_route=%2Fwp%2Fv2%2Fcomments&post=1336"}],"version-history":[{"count":1,"href":"https:\/\/www.hwv-ammerbuch.de\/index.php?rest_route=\/wp\/v2\/posts\/1336\/revisions"}],"predecessor-version":[{"id":1352,"href":"https:\/\/www.hwv-ammerbuch.de\/index.php?rest_route=\/wp\/v2\/posts\/1336\/revisions\/1352"}],"wp:attachment":[{"href":"https:\/\/www.hwv-ammerbuch.de\/index.php?rest_route=%2Fwp%2Fv2%2Fmedia&parent=1336"}],"wp:term":[{"taxonomy":"category","embeddable":true,"href":"https:\/\/www.hwv-ammerbuch.de\/index.php?rest_route=%2Fwp%2Fv2%2Fcategories&post=1336"},{"taxonomy":"post_tag","embeddable":true,"href":"https:\/\/www.hwv-ammerbuch.de\/index.php?rest_route=%2Fwp%2Fv2%2Ftags&post=1336"}],"curies":[{"name":"wp","href":"https:\/\/api.w.org\/{rel}","templated":true}]}}