{"id":1334,"date":"2014-10-06T09:23:53","date_gmt":"2014-10-06T07:23:53","guid":{"rendered":"http:\/\/hwvammerbuch.wordpress.com\/?p=1334"},"modified":"2014-10-29T21:14:42","modified_gmt":"2014-10-29T21:14:42","slug":"vereinsnachrichten-woche-41-3","status":"publish","type":"post","link":"https:\/\/www.hwv-ammerbuch.de\/?p=1334","title":{"rendered":"Vereinsnachrichten Woche 41"},"content":{"rendered":"<p><strong>Arbeitseins\u00e4tze<\/strong><br \/>\nAm Freitag 10.10.2014 ab 15:00 Uhr wollen wir mit der Renovierung des Parkplatzes beginnen. Wenn m\u00f6glich Spaten und Schaufel mitbringen. Au\u00dferdem sind noch einige Restarbeiten der Platzpflege abzuschlie\u00dfen. Am Samstag 11.10.2014 ab 9:00 Uhr bringen wir die Restarbeiten zu ende.<\/p>\n<p><strong>Volksmusikkonzert<\/strong><br \/>\nAm Sonntag dem 12.10.2014 besuchen wir das 22. Internationale Volksmusikkonzert in Korntal. Abfahrt mit privat Pkw um 13:00 Uhr beim Feuerwehrmagazin in Poltringen nach Herrenberg zur S-Bahn. In Korntal k\u00f6nnen wir vor dem Konzert dann noch einen Kaffee und leckeren Kuchen, ganz in der N\u00e4he der Stadthalle, genie\u00dfen.<br \/>\nDas Konzert beginnt um 17:00 Uhr und dauert bis etwa 19:00 Uhr. Anschlie\u00dfend Heimfahrt. G\u00e4ste sind wie immer herzlich willkommen.<\/p>\n<p><strong>H\u00fcttenbetrieb Dienstagstreff<\/strong><br \/>\nAm Dienstag, dem 14.10.2014 ist die Palmbergh\u00fctte ab 15:00 Uhr ge\u00f6ffnet.<br \/>\nDie Wirtsleute Monika und Wolfgang Mang sind bereit viele gut gelaunte G\u00e4ste zu bewirten.<\/p>\n<p style=\"text-align:right;\"><em>Hans Niethammer | Schriftf\u00fchrer<\/em><\/p>\n<p><strong>Tageswanderung<\/strong><br \/>\nAm 19. Oktober 2014 machen wir eine Tageswanderung zum Bergrutsch nach M\u00f6ssingen, Anfahrt in Fahrgemeinschaft. Dort werden wir vom Bergrutschf\u00fchrer Armin Dieter erwartet, der uns \u00fcber 2,5 Stunden auf 3 Km Wegstrecke den Bergrutsch vom April 1983 und die Zeit danach erleben l\u00e4sst. Im Anschluss fahren wir nach \u00d6schingen, dort werden wir uns noch ein Bild vom Erdrutsch Juni 2013 machen. Dann aber genug von gro\u00dfen Natur \u2013 Erlebnissen. Wir fahren zur\u00fcck nach M\u00f6ssingen wo wir im Gasthof \u2013 Lamm \u2013 erwartet werden. R\u00fcckkehr gegen 17 00 \/ 17 30 Uhr. F\u00fcr die professionelle F\u00fchrung m\u00fcssen wir einen Unkostenbeitrag verlangen. Je mehr mitwandern, desto g\u00fcnstiger wird es f\u00fcr den Einzelnen. Wir w\u00fcrden uns \u00fcber gute Teilnahme und Gastwanderer sehr freuen.<\/p>\n<p style=\"text-align:right;\"><em>Wanderf\u00fchrerin | Margarete Sailer<\/em><\/p>\n","protected":false},"excerpt":{"rendered":"<p>Arbeitseins\u00e4tze Am Freitag 10.10.2014 ab 15:00 Uhr wollen wir mit der Renovierung des Parkplatzes beginnen. Wenn m\u00f6glich Spaten und Schaufel mitbringen. Au\u00dferdem sind noch einige Restarbeiten der Platzpflege abzuschlie\u00dfen. Am Samstag 11.10.2014 ab 9:00 Uhr bringen wir die Restarbeiten zu ende. Volksmusikkonzert Am Sonntag dem 12.10.2014 besuchen wir das 22. Internationale Volksmusikkonzert in Korntal. AbfahrtContinue reading &rarr;<\/p>\n","protected":false},"author":1,"featured_media":0,"comment_status":"closed","ping_status":"open","sticky":false,"template":"","format":"standard","meta":{"footnotes":""},"categories":[1,11],"tags":[],"class_list":["post-1334","post","type-post","status-publish","format-standard","hentry","category-aktuelles","category-wanderungen","no-thumb"],"_links":{"self":[{"href":"https:\/\/www.hwv-ammerbuch.de\/index.php?rest_route=\/wp\/v2\/posts\/1334","targetHints":{"allow":["GET"]}}],"collection":[{"href":"https:\/\/www.hwv-ammerbuch.de\/index.php?rest_route=\/wp\/v2\/posts"}],"about":[{"href":"https:\/\/www.hwv-ammerbuch.de\/index.php?rest_route=\/wp\/v2\/types\/post"}],"author":[{"embeddable":true,"href":"https:\/\/www.hwv-ammerbuch.de\/index.php?rest_route=\/wp\/v2\/users\/1"}],"replies":[{"embeddable":true,"href":"https:\/\/www.hwv-ammerbuch.de\/index.php?rest_route=%2Fwp%2Fv2%2Fcomments&post=1334"}],"version-history":[{"count":1,"href":"https:\/\/www.hwv-ammerbuch.de\/index.php?rest_route=\/wp\/v2\/posts\/1334\/revisions"}],"predecessor-version":[{"id":1353,"href":"https:\/\/www.hwv-ammerbuch.de\/index.php?rest_route=\/wp\/v2\/posts\/1334\/revisions\/1353"}],"wp:attachment":[{"href":"https:\/\/www.hwv-ammerbuch.de\/index.php?rest_route=%2Fwp%2Fv2%2Fmedia&parent=1334"}],"wp:term":[{"taxonomy":"category","embeddable":true,"href":"https:\/\/www.hwv-ammerbuch.de\/index.php?rest_route=%2Fwp%2Fv2%2Fcategories&post=1334"},{"taxonomy":"post_tag","embeddable":true,"href":"https:\/\/www.hwv-ammerbuch.de\/index.php?rest_route=%2Fwp%2Fv2%2Ftags&post=1334"}],"curies":[{"name":"wp","href":"https:\/\/api.w.org\/{rel}","templated":true}]}}