{"id":1332,"date":"2014-10-06T09:21:11","date_gmt":"2014-10-06T07:21:11","guid":{"rendered":"http:\/\/hwvammerbuch.wordpress.com\/?p=1332"},"modified":"2014-10-29T21:14:42","modified_gmt":"2014-10-29T21:14:42","slug":"vereinsnachrichten-woche-40-3","status":"publish","type":"post","link":"https:\/\/www.hwv-ammerbuch.de\/?p=1332","title":{"rendered":"Vereinsnachrichten Woche 40"},"content":{"rendered":"<p><strong>Volksmusikkonzert<\/strong><br \/>\nAm Sonntag 12.10.2014 findet in Korntal das 22. Internationale Volksmusikkonzert statt. Kenner wissen was da musikalisch geboten wird. Das Konzert beginnt um 17:00 Uhr.<br \/>\nWie in den vergangenen Jahren fahren wir mit der S-Bahn ab Herrenberg, rechtzeitig um in Korntal vor der Veranstaltung noch einen Kaffee genie\u00dfen zu k\u00f6nnen.<br \/>\nN\u00e4here Angaben in den Vereinsnachrichten n\u00e4chste Woche. Wegen der Bestellung der Eintrittskarten bitte melden bei Hans Niethammer Tel. 07073\/6262 bis sp\u00e4testens Sonntag 5.10.2014.<\/p>\n<p><strong>Vorschau Oktober<\/strong><br \/>\nFreitag 10. und Samstag 11. Arbeitseins\u00e4tze.<br \/>\nSonntag 26. Neuer Wein und Zwiebelkuchen.<\/p>\n<p style=\"text-align:right;\"><em>Hans Niethammer | Schriftf\u00fchrer<\/em><\/p>\n","protected":false},"excerpt":{"rendered":"<p>Volksmusikkonzert Am Sonntag 12.10.2014 findet in Korntal das 22. Internationale Volksmusikkonzert statt. Kenner wissen was da musikalisch geboten wird. Das Konzert beginnt um 17:00 Uhr. Wie in den vergangenen Jahren fahren wir mit der S-Bahn ab Herrenberg, rechtzeitig um in Korntal vor der Veranstaltung noch einen Kaffee genie\u00dfen zu k\u00f6nnen. N\u00e4here Angaben in den VereinsnachrichtenContinue reading &rarr;<\/p>\n","protected":false},"author":1,"featured_media":0,"comment_status":"closed","ping_status":"open","sticky":false,"template":"","format":"standard","meta":{"footnotes":""},"categories":[1],"tags":[],"class_list":["post-1332","post","type-post","status-publish","format-standard","hentry","category-aktuelles","no-thumb"],"_links":{"self":[{"href":"https:\/\/www.hwv-ammerbuch.de\/index.php?rest_route=\/wp\/v2\/posts\/1332","targetHints":{"allow":["GET"]}}],"collection":[{"href":"https:\/\/www.hwv-ammerbuch.de\/index.php?rest_route=\/wp\/v2\/posts"}],"about":[{"href":"https:\/\/www.hwv-ammerbuch.de\/index.php?rest_route=\/wp\/v2\/types\/post"}],"author":[{"embeddable":true,"href":"https:\/\/www.hwv-ammerbuch.de\/index.php?rest_route=\/wp\/v2\/users\/1"}],"replies":[{"embeddable":true,"href":"https:\/\/www.hwv-ammerbuch.de\/index.php?rest_route=%2Fwp%2Fv2%2Fcomments&post=1332"}],"version-history":[{"count":1,"href":"https:\/\/www.hwv-ammerbuch.de\/index.php?rest_route=\/wp\/v2\/posts\/1332\/revisions"}],"predecessor-version":[{"id":1354,"href":"https:\/\/www.hwv-ammerbuch.de\/index.php?rest_route=\/wp\/v2\/posts\/1332\/revisions\/1354"}],"wp:attachment":[{"href":"https:\/\/www.hwv-ammerbuch.de\/index.php?rest_route=%2Fwp%2Fv2%2Fmedia&parent=1332"}],"wp:term":[{"taxonomy":"category","embeddable":true,"href":"https:\/\/www.hwv-ammerbuch.de\/index.php?rest_route=%2Fwp%2Fv2%2Fcategories&post=1332"},{"taxonomy":"post_tag","embeddable":true,"href":"https:\/\/www.hwv-ammerbuch.de\/index.php?rest_route=%2Fwp%2Fv2%2Ftags&post=1332"}],"curies":[{"name":"wp","href":"https:\/\/api.w.org\/{rel}","templated":true}]}}