{"id":1328,"date":"2014-09-22T09:17:20","date_gmt":"2014-09-22T07:17:20","guid":{"rendered":"http:\/\/hwvammerbuch.wordpress.com\/?p=1328"},"modified":"2014-10-29T21:14:42","modified_gmt":"2014-10-29T21:14:42","slug":"vereinsnachrichten-woche-39-4","status":"publish","type":"post","link":"https:\/\/www.hwv-ammerbuch.de\/?p=1328","title":{"rendered":"Vereinsnachrichten Woche 39"},"content":{"rendered":"<p><strong>Arbeitseins\u00e4tze<\/strong><br \/>\nAm Freitag 26. September 2014 ab 15:00 Uhr und am Samstag 27. September 2014 ab 8:00 Uhr werden dringend notwendige Arbeiten in und um die Palmbergh\u00fctte durchgef\u00fchrt. Bitte erscheint zahlreich. Jede helfende Hand wird dringend gebraucht.<\/p>\n<p><strong>H\u00fcttenbetrieb<br \/>\n<\/strong>Dienstagstreff Am Dienstag, dem 30.9.2014 ist die Palmbergh\u00fctte ab 15:00 Uhr ge\u00f6ffnet. Die Wirtsleute Monika und Wolfgang Mang sind bereit viele gutgelaunte G\u00e4ste zu bewirten.<\/p>\n<p style=\"text-align:right;\">Hans Niethammer | Schriftf\u00fchrer<\/p>\n","protected":false},"excerpt":{"rendered":"<p>Arbeitseins\u00e4tze Am Freitag 26. September 2014 ab 15:00 Uhr und am Samstag 27. September 2014 ab 8:00 Uhr werden dringend notwendige Arbeiten in und um die Palmbergh\u00fctte durchgef\u00fchrt. Bitte erscheint zahlreich. Jede helfende Hand wird dringend gebraucht. H\u00fcttenbetrieb Dienstagstreff Am Dienstag, dem 30.9.2014 ist die Palmbergh\u00fctte ab 15:00 Uhr ge\u00f6ffnet. Die Wirtsleute Monika und WolfgangContinue reading &rarr;<\/p>\n","protected":false},"author":1,"featured_media":0,"comment_status":"closed","ping_status":"open","sticky":false,"template":"","format":"standard","meta":{"footnotes":""},"categories":[1],"tags":[],"class_list":["post-1328","post","type-post","status-publish","format-standard","hentry","category-aktuelles","no-thumb"],"_links":{"self":[{"href":"https:\/\/www.hwv-ammerbuch.de\/index.php?rest_route=\/wp\/v2\/posts\/1328","targetHints":{"allow":["GET"]}}],"collection":[{"href":"https:\/\/www.hwv-ammerbuch.de\/index.php?rest_route=\/wp\/v2\/posts"}],"about":[{"href":"https:\/\/www.hwv-ammerbuch.de\/index.php?rest_route=\/wp\/v2\/types\/post"}],"author":[{"embeddable":true,"href":"https:\/\/www.hwv-ammerbuch.de\/index.php?rest_route=\/wp\/v2\/users\/1"}],"replies":[{"embeddable":true,"href":"https:\/\/www.hwv-ammerbuch.de\/index.php?rest_route=%2Fwp%2Fv2%2Fcomments&post=1328"}],"version-history":[{"count":1,"href":"https:\/\/www.hwv-ammerbuch.de\/index.php?rest_route=\/wp\/v2\/posts\/1328\/revisions"}],"predecessor-version":[{"id":1355,"href":"https:\/\/www.hwv-ammerbuch.de\/index.php?rest_route=\/wp\/v2\/posts\/1328\/revisions\/1355"}],"wp:attachment":[{"href":"https:\/\/www.hwv-ammerbuch.de\/index.php?rest_route=%2Fwp%2Fv2%2Fmedia&parent=1328"}],"wp:term":[{"taxonomy":"category","embeddable":true,"href":"https:\/\/www.hwv-ammerbuch.de\/index.php?rest_route=%2Fwp%2Fv2%2Fcategories&post=1328"},{"taxonomy":"post_tag","embeddable":true,"href":"https:\/\/www.hwv-ammerbuch.de\/index.php?rest_route=%2Fwp%2Fv2%2Ftags&post=1328"}],"curies":[{"name":"wp","href":"https:\/\/api.w.org\/{rel}","templated":true}]}}