{"id":1318,"date":"2014-07-21T09:21:54","date_gmt":"2014-07-21T07:21:54","guid":{"rendered":"http:\/\/hwvammerbuch.wordpress.com\/?p=1318"},"modified":"2014-10-29T21:14:43","modified_gmt":"2014-10-29T21:14:43","slug":"vereinsnachrichten-woche-30","status":"publish","type":"post","link":"https:\/\/www.hwv-ammerbuch.de\/?p=1318","title":{"rendered":"Vereinsnachrichten Woche 30"},"content":{"rendered":"<p><strong>Tageswanderung<\/strong><br \/>\nAm 27.07.2014 wandern wir von Epfendorf bei Oberndorf\/Neckar zur Schlichem-Klamm.<br \/>\nWanderzeit ca. 3 Stunden. Gutes Schuhwerk erforderlich. Rucksackvesper.<br \/>\nTreffpunkt: Rathaus Poltringen um 10 Uhr.<br \/>\nAbschlusseinkehr in einer sch\u00f6nen Gartenwirtschaft bei Sulz.<br \/>\nBei Regenwetter f\u00e4llt die Wanderung aus.<br \/>\nG\u00e4ste sind herzlich willkommen.<br \/>\nWanderf\u00fchrer Hans Roming<\/p>\n","protected":false},"excerpt":{"rendered":"<p>Tageswanderung Am 27.07.2014 wandern wir von Epfendorf bei Oberndorf\/Neckar zur Schlichem-Klamm. Wanderzeit ca. 3 Stunden. Gutes Schuhwerk erforderlich. Rucksackvesper. Treffpunkt: Rathaus Poltringen um 10 Uhr. Abschlusseinkehr in einer sch\u00f6nen Gartenwirtschaft bei Sulz. Bei Regenwetter f\u00e4llt die Wanderung aus. G\u00e4ste sind herzlich willkommen. Wanderf\u00fchrer Hans Roming<\/p>\n","protected":false},"author":1,"featured_media":0,"comment_status":"closed","ping_status":"open","sticky":false,"template":"","format":"standard","meta":{"footnotes":""},"categories":[1,11],"tags":[],"class_list":["post-1318","post","type-post","status-publish","format-standard","hentry","category-aktuelles","category-wanderungen","no-thumb"],"_links":{"self":[{"href":"https:\/\/www.hwv-ammerbuch.de\/index.php?rest_route=\/wp\/v2\/posts\/1318","targetHints":{"allow":["GET"]}}],"collection":[{"href":"https:\/\/www.hwv-ammerbuch.de\/index.php?rest_route=\/wp\/v2\/posts"}],"about":[{"href":"https:\/\/www.hwv-ammerbuch.de\/index.php?rest_route=\/wp\/v2\/types\/post"}],"author":[{"embeddable":true,"href":"https:\/\/www.hwv-ammerbuch.de\/index.php?rest_route=\/wp\/v2\/users\/1"}],"replies":[{"embeddable":true,"href":"https:\/\/www.hwv-ammerbuch.de\/index.php?rest_route=%2Fwp%2Fv2%2Fcomments&post=1318"}],"version-history":[{"count":1,"href":"https:\/\/www.hwv-ammerbuch.de\/index.php?rest_route=\/wp\/v2\/posts\/1318\/revisions"}],"predecessor-version":[{"id":1360,"href":"https:\/\/www.hwv-ammerbuch.de\/index.php?rest_route=\/wp\/v2\/posts\/1318\/revisions\/1360"}],"wp:attachment":[{"href":"https:\/\/www.hwv-ammerbuch.de\/index.php?rest_route=%2Fwp%2Fv2%2Fmedia&parent=1318"}],"wp:term":[{"taxonomy":"category","embeddable":true,"href":"https:\/\/www.hwv-ammerbuch.de\/index.php?rest_route=%2Fwp%2Fv2%2Fcategories&post=1318"},{"taxonomy":"post_tag","embeddable":true,"href":"https:\/\/www.hwv-ammerbuch.de\/index.php?rest_route=%2Fwp%2Fv2%2Ftags&post=1318"}],"curies":[{"name":"wp","href":"https:\/\/api.w.org\/{rel}","templated":true}]}}