{"id":1316,"date":"2014-07-17T09:34:12","date_gmt":"2014-07-17T07:34:12","guid":{"rendered":"http:\/\/hwvammerbuch.wordpress.com\/?p=1316"},"modified":"2014-10-29T21:14:43","modified_gmt":"2014-10-29T21:14:43","slug":"vereinsnachrichten-woche-29-3","status":"publish","type":"post","link":"https:\/\/www.hwv-ammerbuch.de\/?p=1316","title":{"rendered":"Vereinsnachrichten Woche 29"},"content":{"rendered":"<p><strong>H\u00fcttenbetrieb Dienstagstreff<\/strong><br \/>\nAm Dienstag, dem 22.7.2014 ist die Palmbergh\u00fctte ab 15:00 Uhr ge\u00f6ffnet.<br \/>\nDie Wirtsleute Monika und Wolfgang Mang sind bereit viele gutgelaunte G\u00e4ste zu bewirten.<\/p>\n<p style=\"text-align:right;\"><em>Hans Niethammer | Schriftf\u00fchrer<\/em><\/p>\n<p><strong>Vorank\u00fcndigung<\/strong><br \/>\nAm 27.07.2014 wandern wir von Epfendorf bei Oberndorf\/Neckar zur Schlichem-Klamm.<br \/>\nWanderzeit ca. 3 Stunden. Gutes Schuhwerk erforderlich. Rucksackvesper.<br \/>\nTreffpunkt: Rathaus Poltringen um 10 Uhr.<br \/>\nAbschlusseinkehr in einer sch\u00f6nen Gartenwirtschaft bei Sulz.<br \/>\nBei Regenwetter f\u00e4llt die Wanderung aus.<br \/>\nG\u00e4ste sind herzlich willkommen.<br \/>\nWanderf\u00fchrer Hans Roming<\/p>\n","protected":false},"excerpt":{"rendered":"<p>H\u00fcttenbetrieb Dienstagstreff Am Dienstag, dem 22.7.2014 ist die Palmbergh\u00fctte ab 15:00 Uhr ge\u00f6ffnet. Die Wirtsleute Monika und Wolfgang Mang sind bereit viele gutgelaunte G\u00e4ste zu bewirten. Hans Niethammer | Schriftf\u00fchrer Vorank\u00fcndigung Am 27.07.2014 wandern wir von Epfendorf bei Oberndorf\/Neckar zur Schlichem-Klamm. Wanderzeit ca. 3 Stunden. Gutes Schuhwerk erforderlich. Rucksackvesper. Treffpunkt: Rathaus Poltringen um 10 Uhr.Continue reading &rarr;<\/p>\n","protected":false},"author":1,"featured_media":0,"comment_status":"closed","ping_status":"open","sticky":false,"template":"","format":"standard","meta":{"footnotes":""},"categories":[1],"tags":[],"class_list":["post-1316","post","type-post","status-publish","format-standard","hentry","category-aktuelles","no-thumb"],"_links":{"self":[{"href":"https:\/\/www.hwv-ammerbuch.de\/index.php?rest_route=\/wp\/v2\/posts\/1316","targetHints":{"allow":["GET"]}}],"collection":[{"href":"https:\/\/www.hwv-ammerbuch.de\/index.php?rest_route=\/wp\/v2\/posts"}],"about":[{"href":"https:\/\/www.hwv-ammerbuch.de\/index.php?rest_route=\/wp\/v2\/types\/post"}],"author":[{"embeddable":true,"href":"https:\/\/www.hwv-ammerbuch.de\/index.php?rest_route=\/wp\/v2\/users\/1"}],"replies":[{"embeddable":true,"href":"https:\/\/www.hwv-ammerbuch.de\/index.php?rest_route=%2Fwp%2Fv2%2Fcomments&post=1316"}],"version-history":[{"count":1,"href":"https:\/\/www.hwv-ammerbuch.de\/index.php?rest_route=\/wp\/v2\/posts\/1316\/revisions"}],"predecessor-version":[{"id":1361,"href":"https:\/\/www.hwv-ammerbuch.de\/index.php?rest_route=\/wp\/v2\/posts\/1316\/revisions\/1361"}],"wp:attachment":[{"href":"https:\/\/www.hwv-ammerbuch.de\/index.php?rest_route=%2Fwp%2Fv2%2Fmedia&parent=1316"}],"wp:term":[{"taxonomy":"category","embeddable":true,"href":"https:\/\/www.hwv-ammerbuch.de\/index.php?rest_route=%2Fwp%2Fv2%2Fcategories&post=1316"},{"taxonomy":"post_tag","embeddable":true,"href":"https:\/\/www.hwv-ammerbuch.de\/index.php?rest_route=%2Fwp%2Fv2%2Ftags&post=1316"}],"curies":[{"name":"wp","href":"https:\/\/api.w.org\/{rel}","templated":true}]}}