{"id":1278,"date":"2014-07-07T18:42:09","date_gmt":"2014-07-07T16:42:09","guid":{"rendered":"http:\/\/hwvammerbuch.wordpress.com\/?p=1278"},"modified":"2014-10-29T21:14:43","modified_gmt":"2014-10-29T21:14:43","slug":"vereinsnachrichten-woche-27-3","status":"publish","type":"post","link":"https:\/\/www.hwv-ammerbuch.de\/?p=1278","title":{"rendered":"Vereinsnachrichten Woche 27"},"content":{"rendered":"<p><strong>Albwanderung<\/strong><br \/>\n9 Wanderer trafen sich am Sonntag dem 22.06.2014 um 10 Uhr am Poltringer Feuerwehrhaus zur Abfahrt um den Premiumweg M\u00f6ssinger Dreif\u00fcrstenstein zu bew\u00e4ltigen. Bei herrlichem Wetter starteten wir vom Wanderparkplatz auf der Olgah\u00f6he oberhalb M\u00f6ssingens. Eine herrliche Landschaft die mit tausenden Apfel-, Birnen-, Zwetschgen- und Kirschenb\u00e4umen gepr\u00e4gt ist, begleitete die abwechslungsreiche Tour.\u00a0Beschattet durch den Wald war der Aufstieg mit \u00fcber 330 m H\u00f6henunterschied ertr\u00e4glich. Auf dem Dreif\u00fcrstenstein legten wir bei einer grandiosen Aussicht eine verdiente Rast ein. Weiter ging die Rundwanderung am Albtrauf entlang zum M\u00f6ssinger Bergrutsch am Hirschkopf, der von oben betrachtet bei allen einen bleibenden Eindruck hinterlassen hat. \u00dcber einen schmalen Pfad hinab ging es zur Passh\u00f6he, von wo aus der Farrenberg umrundet wurde. Unterhalb der Ruine Andeck wurde die vorhandene Panoramaliege in Beschlag genommen. Durch einen lichten Buchenwald, Heide und dem Panoramaweg Streuobst ging es zur\u00fcck zu unserem Ausgangspunkt dem Wanderparkplatz auf der Olgah\u00f6he. Immer wieder konnten auf dem Rundweg herrliche Aussichten auf die Landschaft genossen werden und mehrere Bergrutsche am Albtrauf machten uns die Ver\u00e4nderungen der Landschaft deutlich sichtbar. Mit vielen Eindr\u00fccken und gl\u00fccklich \u00fcber die bew\u00e4ltigte anspruchsvolle Tour mit insgesamt rund 570 H\u00f6henmetern machten wir in einer Gastst\u00e4tte in Beuren den Tourenabschluss.<\/p>\n<p style=\"text-align:right;\"><em>Rainer Binder | Wanderf\u00fchrer<\/em><\/p>\n<p><strong>Unsere Bergtour<\/strong><br \/>\nfindet vom 06. bis 08.September 2014 statt. Die endg\u00fcltige Route und den Schwierigkeitsgrad werden wir den Anmeldungen anpassen. Bitte bis sp\u00e4testens 5. Juli 2014 bei Gerold Sailer Tel. 07073 2127 anmelden.<\/p>\n<p style=\"text-align:right;\"><em>Gerold Sailer | Wanderwart<\/em><\/p>\n","protected":false},"excerpt":{"rendered":"<p>Albwanderung 9 Wanderer trafen sich am Sonntag dem 22.06.2014 um 10 Uhr am Poltringer Feuerwehrhaus zur Abfahrt um den Premiumweg M\u00f6ssinger Dreif\u00fcrstenstein zu bew\u00e4ltigen. Bei herrlichem Wetter starteten wir vom Wanderparkplatz auf der Olgah\u00f6he oberhalb M\u00f6ssingens. Eine herrliche Landschaft die mit tausenden Apfel-, Birnen-, Zwetschgen- und Kirschenb\u00e4umen gepr\u00e4gt ist, begleitete die abwechslungsreiche Tour.\u00a0Beschattet durch denContinue reading &rarr;<\/p>\n","protected":false},"author":1,"featured_media":0,"comment_status":"closed","ping_status":"open","sticky":false,"template":"","format":"standard","meta":{"footnotes":""},"categories":[1],"tags":[],"class_list":["post-1278","post","type-post","status-publish","format-standard","hentry","category-aktuelles","no-thumb"],"_links":{"self":[{"href":"https:\/\/www.hwv-ammerbuch.de\/index.php?rest_route=\/wp\/v2\/posts\/1278","targetHints":{"allow":["GET"]}}],"collection":[{"href":"https:\/\/www.hwv-ammerbuch.de\/index.php?rest_route=\/wp\/v2\/posts"}],"about":[{"href":"https:\/\/www.hwv-ammerbuch.de\/index.php?rest_route=\/wp\/v2\/types\/post"}],"author":[{"embeddable":true,"href":"https:\/\/www.hwv-ammerbuch.de\/index.php?rest_route=\/wp\/v2\/users\/1"}],"replies":[{"embeddable":true,"href":"https:\/\/www.hwv-ammerbuch.de\/index.php?rest_route=%2Fwp%2Fv2%2Fcomments&post=1278"}],"version-history":[{"count":1,"href":"https:\/\/www.hwv-ammerbuch.de\/index.php?rest_route=\/wp\/v2\/posts\/1278\/revisions"}],"predecessor-version":[{"id":1362,"href":"https:\/\/www.hwv-ammerbuch.de\/index.php?rest_route=\/wp\/v2\/posts\/1278\/revisions\/1362"}],"wp:attachment":[{"href":"https:\/\/www.hwv-ammerbuch.de\/index.php?rest_route=%2Fwp%2Fv2%2Fmedia&parent=1278"}],"wp:term":[{"taxonomy":"category","embeddable":true,"href":"https:\/\/www.hwv-ammerbuch.de\/index.php?rest_route=%2Fwp%2Fv2%2Fcategories&post=1278"},{"taxonomy":"post_tag","embeddable":true,"href":"https:\/\/www.hwv-ammerbuch.de\/index.php?rest_route=%2Fwp%2Fv2%2Ftags&post=1278"}],"curies":[{"name":"wp","href":"https:\/\/api.w.org\/{rel}","templated":true}]}}