{"id":1274,"date":"2014-06-10T09:41:10","date_gmt":"2014-06-10T07:41:10","guid":{"rendered":"http:\/\/hwvammerbuch.wordpress.com\/?p=1274"},"modified":"2014-10-29T21:14:43","modified_gmt":"2014-10-29T21:14:43","slug":"vereinsnachrichten-woche-24-5","status":"publish","type":"post","link":"https:\/\/www.hwv-ammerbuch.de\/?p=1274","title":{"rendered":"Vereinsnachrichten Woche 24"},"content":{"rendered":"<h4>Sonnenwendfeier<\/h4>\n<p>Arbeitseinsatz zur Vorbereitung des Feuers am Freitag, 20.Juni 2014 ab 17 Uhr auf dem Palmberg Unsere diesj\u00e4hrige Sonnenwendfeier findet am Freitag, dem 20. 6. 2014 auf dem Palmberg statt. Beginn ist um 19 Uhr. Bei Einbruch der Dunkelheit wollen wir einen Fackelzug mit anschlie\u00dfender Entz\u00fcndung des Sonnenwendfeuers starten. Mit gemeinsamem Singen am Feuer wollen wir noch eine Weile gem\u00fctlich beisammen sein. F\u00fcr das leibliche Wohl wird auch gesorgt. Am Samstag ab 9 Uhr Aufr\u00e4umarbeiten.<\/p>\n<p style=\"text-align:right;\"><em>Hans Niethammer | Schriftf\u00fchrer<\/em><\/p>\n","protected":false},"excerpt":{"rendered":"<p>Sonnenwendfeier Arbeitseinsatz zur Vorbereitung des Feuers am Freitag, 20.Juni 2014 ab 17 Uhr auf dem Palmberg Unsere diesj\u00e4hrige Sonnenwendfeier findet am Freitag, dem 20. 6. 2014 auf dem Palmberg statt. Beginn ist um 19 Uhr. Bei Einbruch der Dunkelheit wollen wir einen Fackelzug mit anschlie\u00dfender Entz\u00fcndung des Sonnenwendfeuers starten. Mit gemeinsamem Singen am Feuer wollenContinue reading &rarr;<\/p>\n","protected":false},"author":1,"featured_media":0,"comment_status":"closed","ping_status":"open","sticky":false,"template":"","format":"standard","meta":{"footnotes":""},"categories":[1],"tags":[],"class_list":["post-1274","post","type-post","status-publish","format-standard","hentry","category-aktuelles","no-thumb"],"_links":{"self":[{"href":"https:\/\/www.hwv-ammerbuch.de\/index.php?rest_route=\/wp\/v2\/posts\/1274","targetHints":{"allow":["GET"]}}],"collection":[{"href":"https:\/\/www.hwv-ammerbuch.de\/index.php?rest_route=\/wp\/v2\/posts"}],"about":[{"href":"https:\/\/www.hwv-ammerbuch.de\/index.php?rest_route=\/wp\/v2\/types\/post"}],"author":[{"embeddable":true,"href":"https:\/\/www.hwv-ammerbuch.de\/index.php?rest_route=\/wp\/v2\/users\/1"}],"replies":[{"embeddable":true,"href":"https:\/\/www.hwv-ammerbuch.de\/index.php?rest_route=%2Fwp%2Fv2%2Fcomments&post=1274"}],"version-history":[{"count":1,"href":"https:\/\/www.hwv-ammerbuch.de\/index.php?rest_route=\/wp\/v2\/posts\/1274\/revisions"}],"predecessor-version":[{"id":1364,"href":"https:\/\/www.hwv-ammerbuch.de\/index.php?rest_route=\/wp\/v2\/posts\/1274\/revisions\/1364"}],"wp:attachment":[{"href":"https:\/\/www.hwv-ammerbuch.de\/index.php?rest_route=%2Fwp%2Fv2%2Fmedia&parent=1274"}],"wp:term":[{"taxonomy":"category","embeddable":true,"href":"https:\/\/www.hwv-ammerbuch.de\/index.php?rest_route=%2Fwp%2Fv2%2Fcategories&post=1274"},{"taxonomy":"post_tag","embeddable":true,"href":"https:\/\/www.hwv-ammerbuch.de\/index.php?rest_route=%2Fwp%2Fv2%2Ftags&post=1274"}],"curies":[{"name":"wp","href":"https:\/\/api.w.org\/{rel}","templated":true}]}}