{"id":1262,"date":"2014-04-25T20:55:58","date_gmt":"2014-04-25T18:55:58","guid":{"rendered":"http:\/\/hwvammerbuch.wordpress.com\/?p=1262"},"modified":"2014-10-29T21:14:43","modified_gmt":"2014-10-29T21:14:43","slug":"vereinsnachrichten-woche-17-3","status":"publish","type":"post","link":"https:\/\/www.hwv-ammerbuch.de\/?p=1262","title":{"rendered":"Vereinsnachrichten Woche 17"},"content":{"rendered":"<p><strong>Arbeitseinsatz und Maibaumaufstellung<br \/>\n<\/strong>Am Mittwoch, dem 30. April 2014 ab 17:00 Uhr wollen wir beim H\u00fclenplatz den Maibaum schm\u00fccken und die letzten Vorbereitungen zur Aufstellung des Baumes durchf\u00fchren. Helferinnen und Helfer sind herzlich willkommen. Um 19:00 Uhr soll die Zeremonie der Maibaumaufstellung beginnen. Ein Verpflegungsstand mit Saitenw\u00fcrstle und Getr\u00e4nken wird zur Verf\u00fcgung stehen. Wer noch ein Gedicht oder sonst etwas zur Unterhaltung beitragen m\u00f6chte, bitte bei Margot Sailer (070732127) oder bei Marietta Sailer. Facebook Adresse: Marie Sailer melden.<\/p>\n<p><strong>1. Mai Wanderung<br \/>\n<\/strong>Treffpunkt um 10:00 Uhr beim Feuerwehrmagazin in Poltringen.<br \/>\nWir wandern zum M\u00e4rchensee nach Wendelsheim. Ich denke es wird bei der dort stattfindenden Veranstaltung f\u00fcr Verpflegung gesorgt sein. Gastwanderer sind wie immer herzlich willkommen.<\/p>\n<p style=\"text-align:right;\"><em>Gerold Sailer | Wanderwart<\/em><\/p>\n<p><strong>Jahreshauptversammlung<br \/>\n<\/strong>Einstimmig wiedergew\u00e4hlt haben die 22 anwesenden Mitglieder, die zur Jahreshauptversammlung am 7. M\u00e4rz 2014 zur Wahl anstehenden Posten, die bisherigen Inhaber. Da es keine neuen Vorschl\u00e4ge gab wurden Margot Sailer<br \/>\n1. Vorsitzende, Monika Mang Kassiererin, Erika Niethammer Kulturwartin, Willi Friedrich Platzwart und Wolfgang Mang 1. H\u00fcttenwart f\u00fcr die n\u00e4chsten 2 Jahre in ihren \u00c4mtern best\u00e4tigt. In ihrem Bericht erw\u00e4hnte die 1. Vorsitzende Margot Sailer die regen Vereinsaktivit\u00e4ten im vergangenen Jahr. Die zahlreichen Vereinsveranstaltungen wurden Dank der flei\u00dfigen Helfer aus dem Kreise der Mitglieder, ebenso erfolgreich durchgef\u00fchrt wie die Vereinswanderungen und die Arbeitseins\u00e4tze auf dem Vereinsgel\u00e4nde und an der Palmbergh\u00fctte. Grosses Lob gab es f\u00fcr die Posteninhaber des Vorstandes und des Auschusses. Der anwesende Ortsvorsteher Herr Reinhold Hess bescheinigte der Vereinsleitung hervorragende Arbeit und empfahl der Versammlung die Entlastung der gesamten Vorstandschaft. Die Entlastung endete mit einer einstimmigen Best\u00e4tigung.<br \/>\nDer 1. H\u00fcttenwart Wolfgang Mang berichtete \u00fcber erfolgreich durchgef\u00fchrte H\u00fcttenvermietungen und den eigenen H\u00fctten\u00f6ffnungsterminen.<br \/>\nKulturwartin Erika Niethammer beschrieb 32 kurzweilige Stricknachmittage in der Palmbergh\u00fctte, den Weihnachtsbazar, einen Ausflug nach Freiburg und den Besuch eines Musicals. Platzwart Willi Friedrich z\u00e4hlte die umfangreichen T\u00e4tigkeiten auf dem Vereinsgel\u00e4nde und bei Veranstaltungen auf und war zufrieden mit den gelungenen Veranstaltungen. Wanderwart Gerold Sailer berichtete \u00fcber die durchgef\u00fchrten Wanderveranstaltungen und zeigt Bilder von Denselben. Er erkl\u00e4rte auch das ab 2015 anzuwendende SEPA Lastschriftverfahren f\u00fcr den Einzug der Vereinsbeitr\u00e4ge. F\u00fcr die Mitglieder besteht kein Handlungsbedarf. F\u00fcr langj\u00e4hrige Posteninhaber in der Vorstandschaft und im Ausschuss wurden Gerold Sailer f\u00fcr 20 Jahre und Egon Bischofberger f\u00fcr 15 Jahre geehrt. Margot Sailer, Traude Wellh\u00e4user, Matthias Wellh\u00e4user und Christian Wellh\u00e4user wurden f\u00fcr 25 Jahre Vereinszugeh\u00f6rigkeit geehrt.<\/p>\n<p style=\"text-align:right;\"><em>Hans Niethammer | Schriftf\u00fchrer<\/em><\/p>\n","protected":false},"excerpt":{"rendered":"<p>Arbeitseinsatz und Maibaumaufstellung Am Mittwoch, dem 30. April 2014 ab 17:00 Uhr wollen wir beim H\u00fclenplatz den Maibaum schm\u00fccken und die letzten Vorbereitungen zur Aufstellung des Baumes durchf\u00fchren. Helferinnen und Helfer sind herzlich willkommen. Um 19:00 Uhr soll die Zeremonie der Maibaumaufstellung beginnen. Ein Verpflegungsstand mit Saitenw\u00fcrstle und Getr\u00e4nken wird zur Verf\u00fcgung stehen. Wer nochContinue reading &rarr;<\/p>\n","protected":false},"author":1,"featured_media":0,"comment_status":"closed","ping_status":"open","sticky":false,"template":"","format":"standard","meta":{"footnotes":""},"categories":[1],"tags":[],"class_list":["post-1262","post","type-post","status-publish","format-standard","hentry","category-aktuelles","no-thumb"],"_links":{"self":[{"href":"https:\/\/www.hwv-ammerbuch.de\/index.php?rest_route=\/wp\/v2\/posts\/1262","targetHints":{"allow":["GET"]}}],"collection":[{"href":"https:\/\/www.hwv-ammerbuch.de\/index.php?rest_route=\/wp\/v2\/posts"}],"about":[{"href":"https:\/\/www.hwv-ammerbuch.de\/index.php?rest_route=\/wp\/v2\/types\/post"}],"author":[{"embeddable":true,"href":"https:\/\/www.hwv-ammerbuch.de\/index.php?rest_route=\/wp\/v2\/users\/1"}],"replies":[{"embeddable":true,"href":"https:\/\/www.hwv-ammerbuch.de\/index.php?rest_route=%2Fwp%2Fv2%2Fcomments&post=1262"}],"version-history":[{"count":1,"href":"https:\/\/www.hwv-ammerbuch.de\/index.php?rest_route=\/wp\/v2\/posts\/1262\/revisions"}],"predecessor-version":[{"id":1368,"href":"https:\/\/www.hwv-ammerbuch.de\/index.php?rest_route=\/wp\/v2\/posts\/1262\/revisions\/1368"}],"wp:attachment":[{"href":"https:\/\/www.hwv-ammerbuch.de\/index.php?rest_route=%2Fwp%2Fv2%2Fmedia&parent=1262"}],"wp:term":[{"taxonomy":"category","embeddable":true,"href":"https:\/\/www.hwv-ammerbuch.de\/index.php?rest_route=%2Fwp%2Fv2%2Fcategories&post=1262"},{"taxonomy":"post_tag","embeddable":true,"href":"https:\/\/www.hwv-ammerbuch.de\/index.php?rest_route=%2Fwp%2Fv2%2Ftags&post=1262"}],"curies":[{"name":"wp","href":"https:\/\/api.w.org\/{rel}","templated":true}]}}