{"id":1258,"date":"2014-04-14T08:39:30","date_gmt":"2014-04-14T06:39:30","guid":{"rendered":"http:\/\/hwvammerbuch.wordpress.com\/?p=1258"},"modified":"2014-10-29T21:15:14","modified_gmt":"2014-10-29T21:15:14","slug":"vereinsnachrichten-woche-16-4","status":"publish","type":"post","link":"https:\/\/www.hwv-ammerbuch.de\/?p=1258","title":{"rendered":"Vereinsnachrichten Woche 16"},"content":{"rendered":"<p><strong>Hallo Jugendliche des Jahrgangs 1996\/1997<\/strong><br \/>\nDer Maibaum wird aufgestellt. In vielen Gemeinden macht die Jugend mit und so ist es auch bei uns. Wir treffen uns am Mittwoch, 30. 4. 2014 ab 17 Uhr beim H\u00fclenplatz in Poltringen (Entringer Str. gegen\u00fcber Flaschnerei Sailer).<br \/>\nDie M\u00e4dchen schm\u00fccken mit B\u00e4ndern den Maibaum. Die Jungs montieren die Holzschilder. (Arbeitskleidung, Arbeitshandschuhe) Das Ganze dauert etwa 1 Stunde.<br \/>\nUm 19 Uhr ist es dann soweit. Der Maibaum wird von den Jahrg\u00e4ngern aufgestellt.<br \/>\nAlso zeigt, was in Euch steckt! Leider haben wir nicht alle Adressen. Es w\u00e4re nett, wenn ihr euren Jahrg\u00e4ngern\/innen Bescheid geben k\u00f6nnt. &#8222;Zugezogene&#8220; sind herzlich willkommen. Bitte meldet Euch bei Margot Sailer (070732127) oder bei Marietta Sailer. Facebook: <a href=\"https:\/\/www.facebook.com\/marie.sailer.796\">Marie Sailer<\/a><\/p>\n<p style=\"text-align:right;\"><em>Margot Sailer | 1. Vorsitzende<\/em><\/p>\n<p><strong>Ostergr\u00fc\u00dfe<\/strong><br \/>\nWir w\u00fcnschen allen Mitgliedern und der gesamten Einwohnerschaft ein frohes Osterfest.<\/p>\n<p><a href=\"http:\/\/hwvammerbuch.files.wordpress.com\/2013\/03\/frohe_ostern.jpg\"><img loading=\"lazy\" decoding=\"async\" class=\"alignnone size-large wp-image-1032\" src=\"http:\/\/hwvammerbuch.files.wordpress.com\/2013\/03\/frohe_ostern.jpg?w=450\" alt=\"frohe_ostern\" width=\"450\" height=\"261\" \/><\/a><\/p>\n<p style=\"text-align:right;\"><em>Hans Niethammer | Schriftf\u00fchrer<\/em><\/p>\n","protected":false},"excerpt":{"rendered":"<p>Hallo Jugendliche des Jahrgangs 1996\/1997 Der Maibaum wird aufgestellt. In vielen Gemeinden macht die Jugend mit und so ist es auch bei uns. Wir treffen uns am Mittwoch, 30. 4. 2014 ab 17 Uhr beim H\u00fclenplatz in Poltringen (Entringer Str. gegen\u00fcber Flaschnerei Sailer). Die M\u00e4dchen schm\u00fccken mit B\u00e4ndern den Maibaum. Die Jungs montieren die Holzschilder.Continue reading &rarr;<\/p>\n","protected":false},"author":1,"featured_media":0,"comment_status":"closed","ping_status":"open","sticky":false,"template":"","format":"standard","meta":{"footnotes":""},"categories":[1],"tags":[],"class_list":["post-1258","post","type-post","status-publish","format-standard","hentry","category-aktuelles","no-thumb"],"_links":{"self":[{"href":"https:\/\/www.hwv-ammerbuch.de\/index.php?rest_route=\/wp\/v2\/posts\/1258","targetHints":{"allow":["GET"]}}],"collection":[{"href":"https:\/\/www.hwv-ammerbuch.de\/index.php?rest_route=\/wp\/v2\/posts"}],"about":[{"href":"https:\/\/www.hwv-ammerbuch.de\/index.php?rest_route=\/wp\/v2\/types\/post"}],"author":[{"embeddable":true,"href":"https:\/\/www.hwv-ammerbuch.de\/index.php?rest_route=\/wp\/v2\/users\/1"}],"replies":[{"embeddable":true,"href":"https:\/\/www.hwv-ammerbuch.de\/index.php?rest_route=%2Fwp%2Fv2%2Fcomments&post=1258"}],"version-history":[{"count":1,"href":"https:\/\/www.hwv-ammerbuch.de\/index.php?rest_route=\/wp\/v2\/posts\/1258\/revisions"}],"predecessor-version":[{"id":1369,"href":"https:\/\/www.hwv-ammerbuch.de\/index.php?rest_route=\/wp\/v2\/posts\/1258\/revisions\/1369"}],"wp:attachment":[{"href":"https:\/\/www.hwv-ammerbuch.de\/index.php?rest_route=%2Fwp%2Fv2%2Fmedia&parent=1258"}],"wp:term":[{"taxonomy":"category","embeddable":true,"href":"https:\/\/www.hwv-ammerbuch.de\/index.php?rest_route=%2Fwp%2Fv2%2Fcategories&post=1258"},{"taxonomy":"post_tag","embeddable":true,"href":"https:\/\/www.hwv-ammerbuch.de\/index.php?rest_route=%2Fwp%2Fv2%2Ftags&post=1258"}],"curies":[{"name":"wp","href":"https:\/\/api.w.org\/{rel}","templated":true}]}}