{"id":1249,"date":"2014-03-03T09:41:54","date_gmt":"2014-03-03T07:41:54","guid":{"rendered":"http:\/\/hwvammerbuch.wordpress.com\/?p=1249"},"modified":"2014-10-29T21:15:14","modified_gmt":"2014-10-29T21:15:14","slug":"vereinsnachrichten-woche-10-4","status":"publish","type":"post","link":"https:\/\/www.hwv-ammerbuch.de\/?p=1249","title":{"rendered":"Vereinsnachrichten Woche 10"},"content":{"rendered":"<p><strong>Jahreshauptversammlung<\/strong><br \/>\nWie bereits angek\u00fcndigt findet unsere diesj\u00e4hrige Hauptversammlung am Freitag, 7.3.2014 um 20:00 Uhr in der Palmbergh\u00fctte statt.<\/p>\n<p><strong>H\u00fcttenbewirtschaftung<\/strong><br \/>\nAm Sonntag, 9.3.2014 ist die Palmbergh\u00fctte ab 14:00 Uhr ge\u00f6ffnet.<br \/>\nAuf die G\u00e4ste freuen sich Anneliese Schoensee und Gabi Schmid.<\/p>\n<p style=\"text-align:right;\"><em>Hans Niethammer | Schriftf\u00fchrer<\/em><\/p>\n","protected":false},"excerpt":{"rendered":"<p>Jahreshauptversammlung Wie bereits angek\u00fcndigt findet unsere diesj\u00e4hrige Hauptversammlung am Freitag, 7.3.2014 um 20:00 Uhr in der Palmbergh\u00fctte statt. H\u00fcttenbewirtschaftung Am Sonntag, 9.3.2014 ist die Palmbergh\u00fctte ab 14:00 Uhr ge\u00f6ffnet. Auf die G\u00e4ste freuen sich Anneliese Schoensee und Gabi Schmid. Hans Niethammer | Schriftf\u00fchrer<\/p>\n","protected":false},"author":1,"featured_media":0,"comment_status":"closed","ping_status":"open","sticky":false,"template":"","format":"standard","meta":{"footnotes":""},"categories":[1],"tags":[],"class_list":["post-1249","post","type-post","status-publish","format-standard","hentry","category-aktuelles","no-thumb"],"_links":{"self":[{"href":"https:\/\/www.hwv-ammerbuch.de\/index.php?rest_route=\/wp\/v2\/posts\/1249","targetHints":{"allow":["GET"]}}],"collection":[{"href":"https:\/\/www.hwv-ammerbuch.de\/index.php?rest_route=\/wp\/v2\/posts"}],"about":[{"href":"https:\/\/www.hwv-ammerbuch.de\/index.php?rest_route=\/wp\/v2\/types\/post"}],"author":[{"embeddable":true,"href":"https:\/\/www.hwv-ammerbuch.de\/index.php?rest_route=\/wp\/v2\/users\/1"}],"replies":[{"embeddable":true,"href":"https:\/\/www.hwv-ammerbuch.de\/index.php?rest_route=%2Fwp%2Fv2%2Fcomments&post=1249"}],"version-history":[{"count":1,"href":"https:\/\/www.hwv-ammerbuch.de\/index.php?rest_route=\/wp\/v2\/posts\/1249\/revisions"}],"predecessor-version":[{"id":1373,"href":"https:\/\/www.hwv-ammerbuch.de\/index.php?rest_route=\/wp\/v2\/posts\/1249\/revisions\/1373"}],"wp:attachment":[{"href":"https:\/\/www.hwv-ammerbuch.de\/index.php?rest_route=%2Fwp%2Fv2%2Fmedia&parent=1249"}],"wp:term":[{"taxonomy":"category","embeddable":true,"href":"https:\/\/www.hwv-ammerbuch.de\/index.php?rest_route=%2Fwp%2Fv2%2Fcategories&post=1249"},{"taxonomy":"post_tag","embeddable":true,"href":"https:\/\/www.hwv-ammerbuch.de\/index.php?rest_route=%2Fwp%2Fv2%2Ftags&post=1249"}],"curies":[{"name":"wp","href":"https:\/\/api.w.org\/{rel}","templated":true}]}}