{"id":1234,"date":"2014-01-27T09:50:49","date_gmt":"2014-01-27T07:50:49","guid":{"rendered":"http:\/\/hwvammerbuch.wordpress.com\/?p=1234"},"modified":"2014-10-29T21:15:15","modified_gmt":"2014-10-29T21:15:15","slug":"vereinsnachrichten-woche-5-4","status":"publish","type":"post","link":"https:\/\/www.hwv-ammerbuch.de\/?p=1234","title":{"rendered":"Vereinsnachrichten Woche 5"},"content":{"rendered":"<p><strong>Ein gelungener Start ins Wanderjahr 2014<\/strong><br \/>\nBei sehr gutem Wanderwetter, trafen sich am Sonntag 19.1. 14 Wanderer zur Auftaktwanderung in den Sch\u00f6nbuch. Nach einer kurzen Anreise mit dem PKW zur Zeitungseiche, wanderten wir eine Rundtour von ca. 8Km. Planm\u00e4\u00dfig wollten wir am Einsiedel einkehren, was wegen \u00dcberv\u00f6lkerung nicht m\u00f6glich war. So kehrten wir beim Albverein in Lustnau ein.<br \/>\nIch freue mich bereits auf unsere n\u00e4chste Wanderung.<\/p>\n<p style=\"text-align:right;\"><em>Gerold Sailer | Wanderwart<\/em><\/p>\n<p style=\"text-align:left;\"><strong>H\u00fcttenbetrieb Dienstagstreff<\/strong><br \/>\nAm Dienstag, 4.2. 2014 ist die Palmbergh\u00fctte ab 15:00 Uhr ge\u00f6ffnet.<br \/>\nDie Wirtsleute Monika und Wolfgang Mang sind bereit viele gutgelaunte G\u00e4ste zu bewirten.<\/p>\n<p style=\"text-align:right;\"><em>Hans Niethammer | Schriftf\u00fchrer<\/em><\/p>\n","protected":false},"excerpt":{"rendered":"<p>Ein gelungener Start ins Wanderjahr 2014 Bei sehr gutem Wanderwetter, trafen sich am Sonntag 19.1. 14 Wanderer zur Auftaktwanderung in den Sch\u00f6nbuch. Nach einer kurzen Anreise mit dem PKW zur Zeitungseiche, wanderten wir eine Rundtour von ca. 8Km. Planm\u00e4\u00dfig wollten wir am Einsiedel einkehren, was wegen \u00dcberv\u00f6lkerung nicht m\u00f6glich war. So kehrten wir beim AlbvereinContinue reading &rarr;<\/p>\n","protected":false},"author":1,"featured_media":0,"comment_status":"closed","ping_status":"open","sticky":false,"template":"","format":"standard","meta":{"footnotes":""},"categories":[1],"tags":[],"class_list":["post-1234","post","type-post","status-publish","format-standard","hentry","category-aktuelles","no-thumb"],"_links":{"self":[{"href":"https:\/\/www.hwv-ammerbuch.de\/index.php?rest_route=\/wp\/v2\/posts\/1234","targetHints":{"allow":["GET"]}}],"collection":[{"href":"https:\/\/www.hwv-ammerbuch.de\/index.php?rest_route=\/wp\/v2\/posts"}],"about":[{"href":"https:\/\/www.hwv-ammerbuch.de\/index.php?rest_route=\/wp\/v2\/types\/post"}],"author":[{"embeddable":true,"href":"https:\/\/www.hwv-ammerbuch.de\/index.php?rest_route=\/wp\/v2\/users\/1"}],"replies":[{"embeddable":true,"href":"https:\/\/www.hwv-ammerbuch.de\/index.php?rest_route=%2Fwp%2Fv2%2Fcomments&post=1234"}],"version-history":[{"count":1,"href":"https:\/\/www.hwv-ammerbuch.de\/index.php?rest_route=\/wp\/v2\/posts\/1234\/revisions"}],"predecessor-version":[{"id":1377,"href":"https:\/\/www.hwv-ammerbuch.de\/index.php?rest_route=\/wp\/v2\/posts\/1234\/revisions\/1377"}],"wp:attachment":[{"href":"https:\/\/www.hwv-ammerbuch.de\/index.php?rest_route=%2Fwp%2Fv2%2Fmedia&parent=1234"}],"wp:term":[{"taxonomy":"category","embeddable":true,"href":"https:\/\/www.hwv-ammerbuch.de\/index.php?rest_route=%2Fwp%2Fv2%2Fcategories&post=1234"},{"taxonomy":"post_tag","embeddable":true,"href":"https:\/\/www.hwv-ammerbuch.de\/index.php?rest_route=%2Fwp%2Fv2%2Ftags&post=1234"}],"curies":[{"name":"wp","href":"https:\/\/api.w.org\/{rel}","templated":true}]}}