{"id":1209,"date":"2013-12-02T10:41:15","date_gmt":"2013-12-02T08:41:15","guid":{"rendered":"http:\/\/hwvammerbuch.wordpress.com\/?p=1209"},"modified":"2014-10-29T21:15:15","modified_gmt":"2014-10-29T21:15:15","slug":"vereinsnachrichten-woche-49-2","status":"publish","type":"post","link":"https:\/\/www.hwv-ammerbuch.de\/?p=1209","title":{"rendered":"Vereinsnachrichten Woche 49"},"content":{"rendered":"<p style=\"text-align:left;\"><strong>Nachtwanderung am 6.12.2013<\/strong><br \/>\nZu unserer diesj\u00e4hrigen Nachtwanderung treffen wir uns am Nikolaustag, ausger\u00fcstet mit gutem Schuhwerk und Taschenlampe um 17.30 Uhr wie gewohnt am Poltringer Rathaus. Von dort aus machen wir uns ohne Auto direkt \u00fcber Unterjesingens Halbh\u00f6henlage und anschlie\u00dfend durch den Sch\u00f6nbuch auf den ca. zweist\u00fcndigen Weg nach Hagelloch. Dort haben wir dann gen\u00fcgend Zeit, uns im \u201eGr\u00fcnen Baum\u201c in gem\u00fctlicher Runde zu st\u00e4rken. \u00dcber Schloss Roseck f\u00fchrt uns der Weg wieder zur\u00fcck nach Poltringen, wo wir gegen halb zw\u00f6lf wieder zur\u00fcck sein werden.<br \/>\nGastwanderer sind herzlich eingeladen.<\/p>\n<p style=\"text-align:right;\"><em>Wanderf\u00fchrer Egon Bischofberger<\/em><\/p>\n<p style=\"text-align:left;\"><strong>H\u00fcttenbetrieb<\/strong><br \/>\nAm Sonntag, dem 8.12.2013 ist die Palmbergh\u00fctte ab 14:00 Uhr ge\u00f6ffnet. Auf regen Besuch freuen sich die H\u00fcttenwirtinnen Anneliese Schoensee und Daniela Flaisch.<\/p>\n<p style=\"text-align:left;\"><strong>H\u00fcttenbetrieb Dienstagstreff<\/strong><br \/>\nAm Dienstag, dem 10.12.2013 ist die Palmbergh\u00fctte ab 15:00 Uhr ge\u00f6ffnet.<br \/>\nDie Wirtsleute Monika und Wolfgang Mang sind bereit viele gutgelaunte G\u00e4ste zu bewirten.<\/p>\n<p style=\"text-align:right;\"><em>Schriftf\u00fchrer Hans Nietnhammer<\/em><\/p>\n","protected":false},"excerpt":{"rendered":"<p>Nachtwanderung am 6.12.2013 Zu unserer diesj\u00e4hrigen Nachtwanderung treffen wir uns am Nikolaustag, ausger\u00fcstet mit gutem Schuhwerk und Taschenlampe um 17.30 Uhr wie gewohnt am Poltringer Rathaus. Von dort aus machen wir uns ohne Auto direkt \u00fcber Unterjesingens Halbh\u00f6henlage und anschlie\u00dfend durch den Sch\u00f6nbuch auf den ca. zweist\u00fcndigen Weg nach Hagelloch. Dort haben wir dann gen\u00fcgendContinue reading &rarr;<\/p>\n","protected":false},"author":1,"featured_media":0,"comment_status":"closed","ping_status":"open","sticky":false,"template":"","format":"standard","meta":{"footnotes":""},"categories":[1,11],"tags":[],"class_list":["post-1209","post","type-post","status-publish","format-standard","hentry","category-aktuelles","category-wanderungen","no-thumb"],"_links":{"self":[{"href":"https:\/\/www.hwv-ammerbuch.de\/index.php?rest_route=\/wp\/v2\/posts\/1209","targetHints":{"allow":["GET"]}}],"collection":[{"href":"https:\/\/www.hwv-ammerbuch.de\/index.php?rest_route=\/wp\/v2\/posts"}],"about":[{"href":"https:\/\/www.hwv-ammerbuch.de\/index.php?rest_route=\/wp\/v2\/types\/post"}],"author":[{"embeddable":true,"href":"https:\/\/www.hwv-ammerbuch.de\/index.php?rest_route=\/wp\/v2\/users\/1"}],"replies":[{"embeddable":true,"href":"https:\/\/www.hwv-ammerbuch.de\/index.php?rest_route=%2Fwp%2Fv2%2Fcomments&post=1209"}],"version-history":[{"count":1,"href":"https:\/\/www.hwv-ammerbuch.de\/index.php?rest_route=\/wp\/v2\/posts\/1209\/revisions"}],"predecessor-version":[{"id":1381,"href":"https:\/\/www.hwv-ammerbuch.de\/index.php?rest_route=\/wp\/v2\/posts\/1209\/revisions\/1381"}],"wp:attachment":[{"href":"https:\/\/www.hwv-ammerbuch.de\/index.php?rest_route=%2Fwp%2Fv2%2Fmedia&parent=1209"}],"wp:term":[{"taxonomy":"category","embeddable":true,"href":"https:\/\/www.hwv-ammerbuch.de\/index.php?rest_route=%2Fwp%2Fv2%2Fcategories&post=1209"},{"taxonomy":"post_tag","embeddable":true,"href":"https:\/\/www.hwv-ammerbuch.de\/index.php?rest_route=%2Fwp%2Fv2%2Ftags&post=1209"}],"curies":[{"name":"wp","href":"https:\/\/api.w.org\/{rel}","templated":true}]}}