{"id":1155,"date":"2012-04-16T13:06:13","date_gmt":"2012-04-16T11:06:13","guid":{"rendered":"http:\/\/hwvammerbuch.wordpress.com\/?p=728"},"modified":"2014-12-29T20:18:20","modified_gmt":"2014-12-29T20:18:20","slug":"protokoll-jahreshauptversammlung","status":"publish","type":"post","link":"https:\/\/www.hwv-ammerbuch.de\/?p=1155","title":{"rendered":"Protokoll Jahreshauptversammlung"},"content":{"rendered":"<p>Einstimmig wiedergew\u00e4hlt haben die 29 anwesenden Mitglieder, die zur Jahreshauptversammlung am 9. M\u00e4rz 2012 zur Wahl anstehenden Posten, die bisherigen Inhaber.\u00a0 Da es keine neuen Vorschl\u00e4ge gab wurde Margot Sailer\u00a02. Vorsitzende, Monika Mang Kassiererin,\u00a0 Erika Niethammer Kulturwartin, Willi Friedrich Platzwart und Wolfgang Mang 1. H\u00fcttenwart f\u00fcr die n\u00e4chsten 2 Jahre in ihren \u00c4mtern best\u00e4tigt.<\/p>\n<p>In ihrem Bericht erw\u00e4hnte die 1. Vorsitzende Margot Sailer die regen Vereinsaktivit\u00e4ten im vergangenen Jahr.<!--more--><\/p>\n<p>Wiederkehrende Veranstaltungen wie Maibaumaufstellung, Palmberghocketse am 1. Mai, Sonnenwendfeier, Preisbinokel, Zwiebelkuchenfest und die Organisation eines Verpflegungsstandes beim Poltringer Fasnetsumzug wurden, Dank der flei\u00dfigen Helfer aus dem Kreise der Mitglieder, ebenso erfolgreich durchgef\u00fchrt wie die Vereinswanderungen, die Arbeitseins\u00e4tze auf dem Vereinsgel\u00e4nde und an der Palmbergh\u00fctte sowie auch die Teilnahme an der von der Ortsverwaltung organisierten \u201eFleckaputzete\u201c. Eine besondere Erw\u00e4hnung wert war die aktive Teilnahme beim 100 j\u00e4hrigen Jubil\u00e4um des Liederkranzes Poltringen. Mit dem St\u00fcck \u201eKriminaltango\u201c und \u201eEin Loch ist im Eimer\u201c ereichten wir Platz eins bei der Freitagsveranstaltung, die unter dem Motto stand: \u201ePoltringen sucht den Superstar\u201c. Auch am Festumzug beteiligten wir uns in Tracht unter dem geschm\u00fcckten B\u00e4nderbaum und besuchten in starker Beteiligung den Festabend.<\/p>\n<p>Auch die Vereinskasse weist ordentliche Zahlen aus und wurde gem\u00e4\u00df Bericht der Kassenpr\u00fcferinnen Renate F\u00fcger und Margarete Sailer ordentlich gef\u00fchrt so, dass der anwesende Ortsvorsteher Herr Reinhold Hess der Vereinsleitung hervorragende Arbeit bescheinigte und der Versammlung die Entlastung der gesamten Vorstandschaft empfahl. Die Entlastung endete mit einer einstimmigen Best\u00e4tigung.<\/p>\n<p>Der 1. H\u00fcttenwart Wolfgang Mang berichtet \u00fcber erfolgreich durchgef\u00fchrte H\u00fcttenvermietungen und den eigenen H\u00fctten\u00f6ffnungsterminen. Er bedankt sich bei der 2. H\u00fcttenwartin Anneliese Schoensee und bei den H\u00fcttenwirten f\u00fcr ihre Eins\u00e4tze.<\/p>\n<p>Kulturwartin Erika Niethammer berichtete \u00fcber 36 kurzweilige Stricknachmittage in der Palmbergh\u00fctte. Geplant ist noch in diesem Jahr einen Bazar zu veranstalten.<\/p>\n<p>Platzwart Willi Friedrich z\u00e4hlt die umfangreichen T\u00e4tigkeiten auf dem Vereinsgel\u00e4nde und bei Veranstaltungen auf. Im Schlusssatz stellt er fest: \u201eEs ist sehr traurig, dass so Wenige bei Arbeitseins\u00e4tzen anwesend sind\u201c.<\/p>\n<p>Wanderwart Gerold Sailer berichtet \u00fcber 6 Wanderveranstaltungen und zeigt Bilder von Denselben.<\/p>\n<p>Elisabeth Binder, Rainer Binder, und Susanne Sailer wurden f\u00fcr 25 Jahre, Erich Hartmann, Rudolf Zeeb und Ilse Flaisch f\u00fcr 40 Jahre Vereinszugeh\u00f6rigkeit geehrt.<\/p>\n<p><img loading=\"lazy\" decoding=\"async\" title=\"HWV_Bild_1\" src=\"http:\/\/hwvammerbuch.files.wordpress.com\/2012\/04\/hwv_bild_1.jpg\" alt=\"\" width=\"450\" height=\"445\" \/><\/p>\n<p>F\u00fcr langj\u00e4hrige Posteninhaber in der Vorstandschaft und im Ausschuss wurden Erika Niethammer f\u00fcr 20 Jahre, Monika Mang f\u00fcr 15 Jahre und Margot Sailer f\u00fcr 10 Jahre mit einem Pr\u00e4sent beehrt.<\/p>\n<p><img loading=\"lazy\" decoding=\"async\" class=\"alignnone size-full wp-image-730\" title=\"HWV_Bild_2\" src=\"http:\/\/hwvammerbuch.files.wordpress.com\/2012\/04\/hwv_bild_2.jpg\" alt=\"\" width=\"450\" height=\"388\" \/><\/p>\n<p>Zum Schluss schl\u00e4gt Rainer Binder die Durchf\u00fchrung einer Wohlt\u00e4tigkeitsveranstaltung vor und die 1.Vorsitzende ermuntert zur aktiven Mitgliederwerbung.<\/p>\n","protected":false},"excerpt":{"rendered":"<p>Einstimmig wiedergew\u00e4hlt haben die 29 anwesenden Mitglieder, die zur Jahreshauptversammlung am 9. M\u00e4rz 2012 zur Wahl anstehenden Posten, die bisherigen Inhaber.\u00a0 Da es keine neuen Vorschl\u00e4ge gab wurde Margot Sailer\u00a02. Vorsitzende, Monika Mang Kassiererin,\u00a0 Erika Niethammer Kulturwartin, Willi Friedrich Platzwart und Wolfgang Mang 1. H\u00fcttenwart f\u00fcr die n\u00e4chsten 2 Jahre in ihren \u00c4mtern best\u00e4tigt. InContinue reading &rarr;<\/p>\n","protected":false},"author":1,"featured_media":0,"comment_status":"closed","ping_status":"open","sticky":false,"template":"","format":"standard","meta":{"footnotes":""},"categories":[1],"tags":[],"class_list":["post-1155","post","type-post","status-publish","format-standard","hentry","category-aktuelles","no-thumb"],"_links":{"self":[{"href":"https:\/\/www.hwv-ammerbuch.de\/index.php?rest_route=\/wp\/v2\/posts\/1155","targetHints":{"allow":["GET"]}}],"collection":[{"href":"https:\/\/www.hwv-ammerbuch.de\/index.php?rest_route=\/wp\/v2\/posts"}],"about":[{"href":"https:\/\/www.hwv-ammerbuch.de\/index.php?rest_route=\/wp\/v2\/types\/post"}],"author":[{"embeddable":true,"href":"https:\/\/www.hwv-ammerbuch.de\/index.php?rest_route=\/wp\/v2\/users\/1"}],"replies":[{"embeddable":true,"href":"https:\/\/www.hwv-ammerbuch.de\/index.php?rest_route=%2Fwp%2Fv2%2Fcomments&post=1155"}],"version-history":[{"count":1,"href":"https:\/\/www.hwv-ammerbuch.de\/index.php?rest_route=\/wp\/v2\/posts\/1155\/revisions"}],"predecessor-version":[{"id":1509,"href":"https:\/\/www.hwv-ammerbuch.de\/index.php?rest_route=\/wp\/v2\/posts\/1155\/revisions\/1509"}],"wp:attachment":[{"href":"https:\/\/www.hwv-ammerbuch.de\/index.php?rest_route=%2Fwp%2Fv2%2Fmedia&parent=1155"}],"wp:term":[{"taxonomy":"category","embeddable":true,"href":"https:\/\/www.hwv-ammerbuch.de\/index.php?rest_route=%2Fwp%2Fv2%2Fcategories&post=1155"},{"taxonomy":"post_tag","embeddable":true,"href":"https:\/\/www.hwv-ammerbuch.de\/index.php?rest_route=%2Fwp%2Fv2%2Ftags&post=1155"}],"curies":[{"name":"wp","href":"https:\/\/api.w.org\/{rel}","templated":true}]}}