{"id":1151,"date":"2012-02-27T11:49:21","date_gmt":"2012-02-27T09:49:21","guid":{"rendered":"http:\/\/hwvammerbuch.wordpress.com\/?p=703"},"modified":"2012-02-27T11:49:21","modified_gmt":"2012-02-27T09:49:21","slug":"vereinsnachrichten-woche-9-2","status":"publish","type":"post","link":"https:\/\/www.hwv-ammerbuch.de\/?p=1151","title":{"rendered":"Vereinsnachrichten Woche 9"},"content":{"rendered":"<p><strong>Tageswanderung<br \/>\n<\/strong>Nach der Fasnet, wollen auch wir wieder hinaus in die Natur. Start ist am Sonntag 4.M\u00e4rz 2012 um 10:00Uhr am Rathaus in Poltringen. Mit privaten PKW fahren wir in Fahrgemeinschaften nach Mitteltal. Unsere Wanderung f\u00fchrt uns entlang des B\u00f6sen Ellbachs \u00fcber eine Br\u00fccke Richtung Guten Ellbach. Der erste H\u00f6hepunkt ist das Wildgehege mit seinem starken Rotwild. Danach entscheidet die Wetterlage, welche Tour wir einschlagen. Der Weg f\u00fchrt uns weiter Richtung Ellbachsee und als Rundwanderung wieder zum Ausgangspunkt zur\u00fcck. Wir k\u00f6nnen davon ausgehen, dass sich die Schneelage sehr entspannt hat und wir entsprechend aufgeweichte (jedoch gut gerichtete) Wege vorfinden werden. Also gutes Schuhwerk mitnehmen. An einer der Grillstellen werden wir eine Rast einlegen. Bitte Rucksackvesper mitnehmen.<br \/>\nAuf dem R\u00fcckweg habe ich noch eine Einkehr in einem Gasthaus in Freudenstadt geplant. (Mit-Fahrgeld bei Wanderungen 5\u20ac\/100Km) Gastwanderer sind herzlich willkommen.<br \/>\nWF: Gerold Sailer<\/p>\n<p><strong>H\u00fcttenbetrieb Dienstagstreff<br \/>\n<\/strong>Am Dienstag, dem 6.3.2012 ist die Palmbergh\u00fctte ab 15:00 Uhr ge\u00f6ffnet.<br \/>\nDie Wirtsleute Monika und Wolfgang Mang sind bereit viele gutgelaunte G\u00e4ste zu bewirten.<\/p>\n<p><strong>Stricken in der Palmbergh\u00fctte<br \/>\n<\/strong>Am Donnerstag 8.3.2012 ab 14:00 Uhr.<\/p>\n","protected":false},"excerpt":{"rendered":"<p>Tageswanderung Nach der Fasnet, wollen auch wir wieder hinaus in die Natur. Start ist am Sonntag 4.M\u00e4rz 2012 um 10:00Uhr am Rathaus in Poltringen. Mit privaten PKW fahren wir in Fahrgemeinschaften nach Mitteltal. Unsere Wanderung f\u00fchrt uns entlang des B\u00f6sen Ellbachs \u00fcber eine Br\u00fccke Richtung Guten Ellbach. Der erste H\u00f6hepunkt ist das Wildgehege mit seinemContinue reading &rarr;<\/p>\n","protected":false},"author":1,"featured_media":0,"comment_status":"open","ping_status":"open","sticky":false,"template":"","format":"standard","meta":{"footnotes":""},"categories":[1],"tags":[],"class_list":["post-1151","post","type-post","status-publish","format-standard","hentry","category-aktuelles","no-thumb"],"_links":{"self":[{"href":"https:\/\/www.hwv-ammerbuch.de\/index.php?rest_route=\/wp\/v2\/posts\/1151","targetHints":{"allow":["GET"]}}],"collection":[{"href":"https:\/\/www.hwv-ammerbuch.de\/index.php?rest_route=\/wp\/v2\/posts"}],"about":[{"href":"https:\/\/www.hwv-ammerbuch.de\/index.php?rest_route=\/wp\/v2\/types\/post"}],"author":[{"embeddable":true,"href":"https:\/\/www.hwv-ammerbuch.de\/index.php?rest_route=\/wp\/v2\/users\/1"}],"replies":[{"embeddable":true,"href":"https:\/\/www.hwv-ammerbuch.de\/index.php?rest_route=%2Fwp%2Fv2%2Fcomments&post=1151"}],"version-history":[{"count":0,"href":"https:\/\/www.hwv-ammerbuch.de\/index.php?rest_route=\/wp\/v2\/posts\/1151\/revisions"}],"wp:attachment":[{"href":"https:\/\/www.hwv-ammerbuch.de\/index.php?rest_route=%2Fwp%2Fv2%2Fmedia&parent=1151"}],"wp:term":[{"taxonomy":"category","embeddable":true,"href":"https:\/\/www.hwv-ammerbuch.de\/index.php?rest_route=%2Fwp%2Fv2%2Fcategories&post=1151"},{"taxonomy":"post_tag","embeddable":true,"href":"https:\/\/www.hwv-ammerbuch.de\/index.php?rest_route=%2Fwp%2Fv2%2Ftags&post=1151"}],"curies":[{"name":"wp","href":"https:\/\/api.w.org\/{rel}","templated":true}]}}