{"id":1141,"date":"2011-12-05T14:35:50","date_gmt":"2011-12-05T12:35:50","guid":{"rendered":"http:\/\/hwvammerbuch.wordpress.com\/?p=675"},"modified":"2011-12-05T14:35:50","modified_gmt":"2011-12-05T12:35:50","slug":"vereinsnachrichten-woche-49","status":"publish","type":"post","link":"https:\/\/www.hwv-ammerbuch.de\/?p=1141","title":{"rendered":"Vereinsnachrichten Woche 49"},"content":{"rendered":"<p><strong>Nachtwanderung am Freitag, 9.12.2011<\/strong><br \/>\nZu unserer diesj\u00e4hrigen Nachtwanderung treffen wir uns, ausger\u00fcstet mit gutem Schuhwerk und Taschenlampe, um 17:30 Uhr wie gewohnt am Poltringer Rathaus.<br \/>\nVon dort aus machen wir uns ohne Auto direkt auf den Weg und wandern \u00fcber Pf\u00e4ffingen und Wurmlingen Richtung Kapelle wo, so hoffen wir, all unsere M\u00fch mit einem grandiosen Blick \u00fcber das Ammert\u00e4ler Lichtermeer belohnt wird. \u00dcber den Spitzberg geht\u2019s dann wieder zur\u00fcck \u00fcber Unterjesingen, wo wir eine wohlverdiente Rast einlegen wollen, nach Poltringen. Gastwanderer, sind herzlich eingeladen.<br \/>\nDer Wanderf\u00fchrer  Egon Bischofberger<\/p>\n<p><strong>H\u00fcttenbetrieb<\/strong><br \/>\nAm Sonntag, 11.12.2011 ist die Palmbergh\u00fctte ab 14:00 Uhr ge\u00f6ffnet. Auf regen Besuch freuen sich die H\u00fcttenwirtinnen Anneliese Schoensee und Daniela Flaisch.<\/p>\n<p><strong>H\u00fcttenbetrieb Dienstagstreff<\/strong><br \/>\nAm Dienstag, 13.12.2011 ist die Palmbergh\u00fctte ab 15:00 Uhr ge\u00f6ffnet.<br \/>\nDie Wirtsleute Monika und Wolfgang Mang sind bereit viele gutgelaunte G\u00e4ste zu bewirten. <\/p>\n<p><strong>Stricken in der Palmbergh\u00fctte<\/strong><br \/>\nAm Donnerstag, 15.12.2011 ab 14:00 Uhr. G\u00e4ste sind herzlich willkommen.<\/p>\n","protected":false},"excerpt":{"rendered":"<p>Nachtwanderung am Freitag, 9.12.2011 Zu unserer diesj\u00e4hrigen Nachtwanderung treffen wir uns, ausger\u00fcstet mit gutem Schuhwerk und Taschenlampe, um 17:30 Uhr wie gewohnt am Poltringer Rathaus. Von dort aus machen wir uns ohne Auto direkt auf den Weg und wandern \u00fcber Pf\u00e4ffingen und Wurmlingen Richtung Kapelle wo, so hoffen wir, all unsere M\u00fch mit einem grandiosenContinue reading &rarr;<\/p>\n","protected":false},"author":1,"featured_media":0,"comment_status":"open","ping_status":"open","sticky":false,"template":"","format":"standard","meta":{"footnotes":""},"categories":[1],"tags":[],"class_list":["post-1141","post","type-post","status-publish","format-standard","hentry","category-aktuelles","no-thumb"],"_links":{"self":[{"href":"https:\/\/www.hwv-ammerbuch.de\/index.php?rest_route=\/wp\/v2\/posts\/1141","targetHints":{"allow":["GET"]}}],"collection":[{"href":"https:\/\/www.hwv-ammerbuch.de\/index.php?rest_route=\/wp\/v2\/posts"}],"about":[{"href":"https:\/\/www.hwv-ammerbuch.de\/index.php?rest_route=\/wp\/v2\/types\/post"}],"author":[{"embeddable":true,"href":"https:\/\/www.hwv-ammerbuch.de\/index.php?rest_route=\/wp\/v2\/users\/1"}],"replies":[{"embeddable":true,"href":"https:\/\/www.hwv-ammerbuch.de\/index.php?rest_route=%2Fwp%2Fv2%2Fcomments&post=1141"}],"version-history":[{"count":0,"href":"https:\/\/www.hwv-ammerbuch.de\/index.php?rest_route=\/wp\/v2\/posts\/1141\/revisions"}],"wp:attachment":[{"href":"https:\/\/www.hwv-ammerbuch.de\/index.php?rest_route=%2Fwp%2Fv2%2Fmedia&parent=1141"}],"wp:term":[{"taxonomy":"category","embeddable":true,"href":"https:\/\/www.hwv-ammerbuch.de\/index.php?rest_route=%2Fwp%2Fv2%2Fcategories&post=1141"},{"taxonomy":"post_tag","embeddable":true,"href":"https:\/\/www.hwv-ammerbuch.de\/index.php?rest_route=%2Fwp%2Fv2%2Ftags&post=1141"}],"curies":[{"name":"wp","href":"https:\/\/api.w.org\/{rel}","templated":true}]}}