{"id":1139,"date":"2011-11-01T03:08:00","date_gmt":"2011-11-01T01:08:00","guid":{"rendered":"http:\/\/hwvammerbuch.wordpress.com\/?p=649"},"modified":"2011-11-01T03:08:00","modified_gmt":"2011-11-01T01:08:00","slug":"ruckblick-zur-tageswanderung-am-sonntag-23-10-2011","status":"publish","type":"post","link":"https:\/\/www.hwv-ammerbuch.de\/?p=1139","title":{"rendered":"R\u00fcckblick: Tageswanderung am So 23.10.2011"},"content":{"rendered":"<p><a href=\"http:\/\/hwvammerbuch.wordpress.com\/2011\/11\/01\/ruckblick-zur-tageswanderung-am-sonntag-23-10-2011\/lichtenstein_231011\/\" rel=\"attachment wp-att-650\"><img loading=\"lazy\" decoding=\"async\" src=\"http:\/\/hwvammerbuch.files.wordpress.com\/2011\/11\/lichtenstein_231011.jpg?w=450\" alt=\"\" title=\"Lichtenstein_231011\" width=\"450\" height=\"337\" class=\"alignnone size-medium wp-image-650\" srcset=\"https:\/\/www.hwv-ammerbuch.de\/wp-content\/uploads\/2011\/11\/lichtenstein_231011.jpg 640w, https:\/\/www.hwv-ammerbuch.de\/wp-content\/uploads\/2011\/11\/lichtenstein_231011-300x225.jpg 300w, https:\/\/www.hwv-ammerbuch.de\/wp-content\/uploads\/2011\/11\/lichtenstein_231011-400x300.jpg 400w\" sizes=\"auto, (max-width: 450px) 100vw, 450px\" \/><\/a><\/p>\n<p>Um kurz nach 10:00 Uhr, startete eine \u00fcberschaubare Gruppe Richtung Pfullingen. Vom Wanderparkplatz Wanne wanderten wir hinauf zum Sch\u00f6nbergturm 793m NN. Nachdem wir die Treppen hoch zum 28mtr. Hohen Turm hinter uns hatten, wurden wir bei sch\u00f6nem herbstlichem Wetter mit einer besten Aussicht belohnt.<br \/>\n<!--more--><br \/>\nFaszinierend der Blick \u00fcber die Reutlinger T\u00e4ler und Berge. Wieder am Fu\u00dfe des Turms angekommen, f\u00fchrte der Weg steil hinab zum Wanne-Parkplatz. Von dort ging es weiter zur Nebelh\u00f6hle. Auf den D\u00e4chern lag noch etwas Schnee. Daf\u00fcr waren die Temperaturen in der H\u00f6hle angenehmer als Au\u00dferhalb der H\u00f6hle. Nach den Eindr\u00fccken beim besteigen der Nebelh\u00f6hle, kehrten wir kurz bei den Maultaschenwirten ein. Weiter f\u00fchrte uns der Weg nun zur Burg Lichtenstein. Dort angekommen haben wir uns darauf verst\u00e4ndigt, dass wir nur die Burganlage nur von Au\u00dfen besichtigen und evtl. einen weiteren Besuch mit dem Verein zur Burg Lichtenstein planen sollten. Von der Burg hatten wir bei herrlichem Sonnenschein wieder einen super Ausblick hinunter nach Honau und Umgebung. Weiter f\u00fchrte uns die Wanderung zum Hirschsprung und zur\u00fcck zur Nebelh\u00f6hle. Nach ca. 15km Wanderung bergauf und bergab sowie mehr als 500Stufen, traten wir gegen 17.30Uhr die Heimfahrt an. Wir waren uns einig, das war f\u00fcr diesen sch\u00f6nen Herbsttag eine gelungene Wanderung. Um 18.30Uhr waren wir wieder in Poltringen.<\/p>\n","protected":false},"excerpt":{"rendered":"<p>Um kurz nach 10:00 Uhr, startete eine \u00fcberschaubare Gruppe Richtung Pfullingen. Vom Wanderparkplatz Wanne wanderten wir hinauf zum Sch\u00f6nbergturm 793m NN. Nachdem wir die Treppen hoch zum 28mtr. Hohen Turm hinter uns hatten, wurden wir bei sch\u00f6nem herbstlichem Wetter mit einer besten Aussicht belohnt.<\/p>\n","protected":false},"author":1,"featured_media":0,"comment_status":"open","ping_status":"open","sticky":false,"template":"","format":"standard","meta":{"footnotes":""},"categories":[1],"tags":[],"class_list":["post-1139","post","type-post","status-publish","format-standard","hentry","category-aktuelles","no-thumb"],"_links":{"self":[{"href":"https:\/\/www.hwv-ammerbuch.de\/index.php?rest_route=\/wp\/v2\/posts\/1139","targetHints":{"allow":["GET"]}}],"collection":[{"href":"https:\/\/www.hwv-ammerbuch.de\/index.php?rest_route=\/wp\/v2\/posts"}],"about":[{"href":"https:\/\/www.hwv-ammerbuch.de\/index.php?rest_route=\/wp\/v2\/types\/post"}],"author":[{"embeddable":true,"href":"https:\/\/www.hwv-ammerbuch.de\/index.php?rest_route=\/wp\/v2\/users\/1"}],"replies":[{"embeddable":true,"href":"https:\/\/www.hwv-ammerbuch.de\/index.php?rest_route=%2Fwp%2Fv2%2Fcomments&post=1139"}],"version-history":[{"count":0,"href":"https:\/\/www.hwv-ammerbuch.de\/index.php?rest_route=\/wp\/v2\/posts\/1139\/revisions"}],"wp:attachment":[{"href":"https:\/\/www.hwv-ammerbuch.de\/index.php?rest_route=%2Fwp%2Fv2%2Fmedia&parent=1139"}],"wp:term":[{"taxonomy":"category","embeddable":true,"href":"https:\/\/www.hwv-ammerbuch.de\/index.php?rest_route=%2Fwp%2Fv2%2Fcategories&post=1139"},{"taxonomy":"post_tag","embeddable":true,"href":"https:\/\/www.hwv-ammerbuch.de\/index.php?rest_route=%2Fwp%2Fv2%2Ftags&post=1139"}],"curies":[{"name":"wp","href":"https:\/\/api.w.org\/{rel}","templated":true}]}}