{"id":1113,"date":"2013-09-25T12:29:36","date_gmt":"2013-09-25T10:29:36","guid":{"rendered":"http:\/\/hwvammerbuch.wordpress.com\/?p=1113"},"modified":"2014-10-29T21:15:50","modified_gmt":"2014-10-29T21:15:50","slug":"vereinsnachrichten-woche-38-3","status":"publish","type":"post","link":"https:\/\/www.hwv-ammerbuch.de\/?p=1113","title":{"rendered":"Vereinsnachrichten Woche 38"},"content":{"rendered":"<p><a href=\"http:\/\/hwvammerbuch.files.wordpress.com\/2013\/09\/bergtour_2013_gerold-korr.jpg\"><img loading=\"lazy\" decoding=\"async\" class=\"size-large wp-image-1114 alignnone\" alt=\"Bergtour_2013\" src=\"http:\/\/hwvammerbuch.files.wordpress.com\/2013\/09\/bergtour_2013_gerold-korr.jpg?w=450\" width=\"450\" height=\"286\" \/><\/a><\/p>\n<p><strong>Bergtour 07.-09-09-2013<br \/>\n<\/strong>Am Samstag morgen starteten wir p\u00fcnktlich um 05.30Uhr Richtung Lechtal (\u00d6sterreich). Um 9.00Uhr haben wir unser erstes Ziel Lech erreicht und uns ein Fr\u00fchst\u00fcck geg\u00f6nnt. Nach dem Fr\u00fchst\u00fcck gings weiter nach Oberlech, wo unsere Bergtour startete. Eine kurze Etappe Bergab und von da an stetig Bergauf und Bergrunter, 12 km Weg und 1000 H\u00f6henmeter lagen vor uns. Gegen 17.00Uhr sind wir an der G\u00f6ppinger H\u00fctte (2245mtr) angekommen und konnten ein erstes Weizenbier bzw. Halbe und den Blick zu den umliegenden Berge geniesen. Nach dem Abendessen spielten wir in der vollbesetzten H\u00fctte noch einen Binokel. Am n\u00e4chsten Tag starteten wir nach dem Fr\u00fchst\u00fcck gegen 9.00Uhr unsere Tagestour Richtung Braunarlspitze, 8Km Wegl\u00e4nge und 2650mtr. Hoch. Die Gruppe teilte sich w\u00e4hrend dieser Tour auf. Ab 2440 mtr. War ein Klettersteig \u00fcber teilweise 2mtr. Hohe Felsen angesagt und es war gut, dass nur unsere erfahrenen Bergsteiger das letzte St\u00fcck der 200 H\u00f6henmeter erklommen haben. So kamen wir alle wieder gesund an der G\u00f6ppinger H\u00fctte an. In der n\u00e4chsten Nacht war Schnee und Frost gemeldet. Es regnete die ganze Nacht in str\u00f6men. Nach dem Fr\u00fchst\u00fcck verabschiedeten wir uns vom H\u00fcttenteam und zogen im leichten Regen 700 H\u00f6henmeter Bergab Richtung oberes \u00c4lpele. Von da wanderten wir dem Flu\u00df Lech entlang, bis wir nach 12 Km in Lech angekommen sind. Eine Gruppe wanderte weiter nach Oberlech, die andere bevorzugte den Wanderbus bis zu den Auto\u2019s. Auf der R\u00fcckfahrt gabs noch einen Zwischenstop im Zwiefalter Klosterbr\u00e4u und dann fuhren wir Richtung Poltringen. Alle sind gegen 18.00Uhr teilweise gesund (Blasen etc.) und munter zu Hause angekommen. Mal sehen, wo uns die Tour 2014 hinf\u00fchrt.<\/p>\n<p style=\"text-align:right;\"><em>Gerold Sailer \/ Wanderf\u00fchrer<\/em><\/p>\n","protected":false},"excerpt":{"rendered":"<p>Bergtour 07.-09-09-2013 Am Samstag morgen starteten wir p\u00fcnktlich um 05.30Uhr Richtung Lechtal (\u00d6sterreich). Um 9.00Uhr haben wir unser erstes Ziel Lech erreicht und uns ein Fr\u00fchst\u00fcck geg\u00f6nnt. Nach dem Fr\u00fchst\u00fcck gings weiter nach Oberlech, wo unsere Bergtour startete. Eine kurze Etappe Bergab und von da an stetig Bergauf und Bergrunter, 12 km Weg und 1000Continue reading &rarr;<\/p>\n","protected":false},"author":1,"featured_media":0,"comment_status":"closed","ping_status":"open","sticky":false,"template":"","format":"standard","meta":{"footnotes":""},"categories":[1,11],"tags":[],"class_list":["post-1113","post","type-post","status-publish","format-standard","hentry","category-aktuelles","category-wanderungen","no-thumb"],"_links":{"self":[{"href":"https:\/\/www.hwv-ammerbuch.de\/index.php?rest_route=\/wp\/v2\/posts\/1113","targetHints":{"allow":["GET"]}}],"collection":[{"href":"https:\/\/www.hwv-ammerbuch.de\/index.php?rest_route=\/wp\/v2\/posts"}],"about":[{"href":"https:\/\/www.hwv-ammerbuch.de\/index.php?rest_route=\/wp\/v2\/types\/post"}],"author":[{"embeddable":true,"href":"https:\/\/www.hwv-ammerbuch.de\/index.php?rest_route=\/wp\/v2\/users\/1"}],"replies":[{"embeddable":true,"href":"https:\/\/www.hwv-ammerbuch.de\/index.php?rest_route=%2Fwp%2Fv2%2Fcomments&post=1113"}],"version-history":[{"count":1,"href":"https:\/\/www.hwv-ammerbuch.de\/index.php?rest_route=\/wp\/v2\/posts\/1113\/revisions"}],"predecessor-version":[{"id":1388,"href":"https:\/\/www.hwv-ammerbuch.de\/index.php?rest_route=\/wp\/v2\/posts\/1113\/revisions\/1388"}],"wp:attachment":[{"href":"https:\/\/www.hwv-ammerbuch.de\/index.php?rest_route=%2Fwp%2Fv2%2Fmedia&parent=1113"}],"wp:term":[{"taxonomy":"category","embeddable":true,"href":"https:\/\/www.hwv-ammerbuch.de\/index.php?rest_route=%2Fwp%2Fv2%2Fcategories&post=1113"},{"taxonomy":"post_tag","embeddable":true,"href":"https:\/\/www.hwv-ammerbuch.de\/index.php?rest_route=%2Fwp%2Fv2%2Ftags&post=1113"}],"curies":[{"name":"wp","href":"https:\/\/api.w.org\/{rel}","templated":true}]}}