{"id":1105,"date":"2013-09-02T21:30:30","date_gmt":"2013-09-02T19:30:30","guid":{"rendered":"http:\/\/hwvammerbuch.wordpress.com\/?p=1105"},"modified":"2014-10-29T21:15:50","modified_gmt":"2014-10-29T21:15:50","slug":"vereinsnachrichten-woche-35-3","status":"publish","type":"post","link":"https:\/\/www.hwv-ammerbuch.de\/?p=1105","title":{"rendered":"Vereinsnachrichten Woche 35"},"content":{"rendered":"<p><strong>Bergtour 2013<\/strong><br \/>\nAm Samstag 7.9.13 starten wir um 5.30 Uhr zu unserer diesj\u00e4hrigen Bergtour. Mit Privat PKW\u2019s fahren wir Richtung Bodensee und dann weiter zu der Lechtaler Alpenregion. Die Bergtour starten wir in Oberlech. Erstes Ziel ist die G\u00f6ppinger H\u00fctte auf 2245 m. Von dort stehen die Braunarlspitze 2649 m und weitere Gipfeltouren auf dem Plan. Am Montag geht es dann wieder talabw\u00e4rts Richtung Unteres \u00c4lpele und zur\u00fcck nach Oberlech.<\/p>\n<p style=\"text-align:right;\"><em>WF: Gerold Sailer<\/em><\/p>\n","protected":false},"excerpt":{"rendered":"<p>Bergtour 2013 Am Samstag 7.9.13 starten wir um 5.30 Uhr zu unserer diesj\u00e4hrigen Bergtour. Mit Privat PKW\u2019s fahren wir Richtung Bodensee und dann weiter zu der Lechtaler Alpenregion. Die Bergtour starten wir in Oberlech. Erstes Ziel ist die G\u00f6ppinger H\u00fctte auf 2245 m. Von dort stehen die Braunarlspitze 2649 m und weitere Gipfeltouren auf demContinue reading &rarr;<\/p>\n","protected":false},"author":1,"featured_media":0,"comment_status":"closed","ping_status":"open","sticky":false,"template":"","format":"standard","meta":{"footnotes":""},"categories":[1],"tags":[],"class_list":["post-1105","post","type-post","status-publish","format-standard","hentry","category-aktuelles","no-thumb"],"_links":{"self":[{"href":"https:\/\/www.hwv-ammerbuch.de\/index.php?rest_route=\/wp\/v2\/posts\/1105","targetHints":{"allow":["GET"]}}],"collection":[{"href":"https:\/\/www.hwv-ammerbuch.de\/index.php?rest_route=\/wp\/v2\/posts"}],"about":[{"href":"https:\/\/www.hwv-ammerbuch.de\/index.php?rest_route=\/wp\/v2\/types\/post"}],"author":[{"embeddable":true,"href":"https:\/\/www.hwv-ammerbuch.de\/index.php?rest_route=\/wp\/v2\/users\/1"}],"replies":[{"embeddable":true,"href":"https:\/\/www.hwv-ammerbuch.de\/index.php?rest_route=%2Fwp%2Fv2%2Fcomments&post=1105"}],"version-history":[{"count":1,"href":"https:\/\/www.hwv-ammerbuch.de\/index.php?rest_route=\/wp\/v2\/posts\/1105\/revisions"}],"predecessor-version":[{"id":1391,"href":"https:\/\/www.hwv-ammerbuch.de\/index.php?rest_route=\/wp\/v2\/posts\/1105\/revisions\/1391"}],"wp:attachment":[{"href":"https:\/\/www.hwv-ammerbuch.de\/index.php?rest_route=%2Fwp%2Fv2%2Fmedia&parent=1105"}],"wp:term":[{"taxonomy":"category","embeddable":true,"href":"https:\/\/www.hwv-ammerbuch.de\/index.php?rest_route=%2Fwp%2Fv2%2Fcategories&post=1105"},{"taxonomy":"post_tag","embeddable":true,"href":"https:\/\/www.hwv-ammerbuch.de\/index.php?rest_route=%2Fwp%2Fv2%2Ftags&post=1105"}],"curies":[{"name":"wp","href":"https:\/\/api.w.org\/{rel}","templated":true}]}}