{"id":1099,"date":"2013-07-30T15:06:41","date_gmt":"2013-07-30T13:06:41","guid":{"rendered":"http:\/\/hwvammerbuch.wordpress.com\/?p=1099"},"modified":"2014-10-29T21:15:50","modified_gmt":"2014-10-29T21:15:50","slug":"vereinsnachrichten-woche-31-2","status":"publish","type":"post","link":"https:\/\/www.hwv-ammerbuch.de\/?p=1099","title":{"rendered":"Vereinsnachrichten Woche 31"},"content":{"rendered":"<p><strong>H\u00fcttenbetrieb<br \/>\n<\/strong>Die Palmbergh\u00fctte ist am Dienstag, 6. August 2013 ab 15 Uhr ge\u00f6ffnet. Die Wirtsleute Monika und Wolfgang Mang sind bereit viele gut gelaunte G\u00e4ste zu bewirten.<\/p>\n<p><strong>Gebirgstour<br \/>\n<\/strong>Vom 7. bis 9. September 2013 ist auch in diesem Jahr wieder eine Gebirgswanderung terminiert. Interessierte sollten sich baldm\u00f6glichst, wegen der Buchung f\u00fcr \u00dcbernachtungen, beim Wanderwart Gerold Sailer melden.<\/p>\n","protected":false},"excerpt":{"rendered":"<p>H\u00fcttenbetrieb Die Palmbergh\u00fctte ist am Dienstag, 6. August 2013 ab 15 Uhr ge\u00f6ffnet. Die Wirtsleute Monika und Wolfgang Mang sind bereit viele gut gelaunte G\u00e4ste zu bewirten. Gebirgstour Vom 7. bis 9. September 2013 ist auch in diesem Jahr wieder eine Gebirgswanderung terminiert. Interessierte sollten sich baldm\u00f6glichst, wegen der Buchung f\u00fcr \u00dcbernachtungen, beim Wanderwart GeroldContinue reading &rarr;<\/p>\n","protected":false},"author":1,"featured_media":0,"comment_status":"closed","ping_status":"open","sticky":false,"template":"","format":"standard","meta":{"footnotes":""},"categories":[1],"tags":[],"class_list":["post-1099","post","type-post","status-publish","format-standard","hentry","category-aktuelles","no-thumb"],"_links":{"self":[{"href":"https:\/\/www.hwv-ammerbuch.de\/index.php?rest_route=\/wp\/v2\/posts\/1099","targetHints":{"allow":["GET"]}}],"collection":[{"href":"https:\/\/www.hwv-ammerbuch.de\/index.php?rest_route=\/wp\/v2\/posts"}],"about":[{"href":"https:\/\/www.hwv-ammerbuch.de\/index.php?rest_route=\/wp\/v2\/types\/post"}],"author":[{"embeddable":true,"href":"https:\/\/www.hwv-ammerbuch.de\/index.php?rest_route=\/wp\/v2\/users\/1"}],"replies":[{"embeddable":true,"href":"https:\/\/www.hwv-ammerbuch.de\/index.php?rest_route=%2Fwp%2Fv2%2Fcomments&post=1099"}],"version-history":[{"count":1,"href":"https:\/\/www.hwv-ammerbuch.de\/index.php?rest_route=\/wp\/v2\/posts\/1099\/revisions"}],"predecessor-version":[{"id":1394,"href":"https:\/\/www.hwv-ammerbuch.de\/index.php?rest_route=\/wp\/v2\/posts\/1099\/revisions\/1394"}],"wp:attachment":[{"href":"https:\/\/www.hwv-ammerbuch.de\/index.php?rest_route=%2Fwp%2Fv2%2Fmedia&parent=1099"}],"wp:term":[{"taxonomy":"category","embeddable":true,"href":"https:\/\/www.hwv-ammerbuch.de\/index.php?rest_route=%2Fwp%2Fv2%2Fcategories&post=1099"},{"taxonomy":"post_tag","embeddable":true,"href":"https:\/\/www.hwv-ammerbuch.de\/index.php?rest_route=%2Fwp%2Fv2%2Ftags&post=1099"}],"curies":[{"name":"wp","href":"https:\/\/api.w.org\/{rel}","templated":true}]}}