{"id":1091,"date":"2013-07-02T14:53:39","date_gmt":"2013-07-02T12:53:39","guid":{"rendered":"http:\/\/hwvammerbuch.wordpress.com\/?p=1091"},"modified":"2014-10-29T21:15:50","modified_gmt":"2014-10-29T21:15:50","slug":"vereinsnachrichten-woche-23-3","status":"publish","type":"post","link":"https:\/\/www.hwv-ammerbuch.de\/?p=1091","title":{"rendered":"Vereinsnachrichten Woche 27"},"content":{"rendered":"<p><strong>H\u00fcttenbetrieb<\/strong><br \/>\nDie Palmbergh\u00fctte ist am Dienstag, 9. Juli 2013 ab 15 Uhr ge\u00f6ffnet. Die Wirtsleute Monika und Wolfgang Mang sind bereit viele gutgelaunte G\u00e4ste zu bewirten.<\/p>\n<p style=\"text-align:left;\"><strong>Vorschau Juli<\/strong><br \/>\nH\u00fcttenbetrieb: Sonntag 14.7.2013<br \/>\nTageswanderung: Sonntag 21.7.2013<\/p>\n<p style=\"text-align:right;\">Hans Niethammer Schriftf\u00fchrer<\/p>\n","protected":false},"excerpt":{"rendered":"<p>H\u00fcttenbetrieb Die Palmbergh\u00fctte ist am Dienstag, 9. Juli 2013 ab 15 Uhr ge\u00f6ffnet. Die Wirtsleute Monika und Wolfgang Mang sind bereit viele gutgelaunte G\u00e4ste zu bewirten. Vorschau Juli H\u00fcttenbetrieb: Sonntag 14.7.2013 Tageswanderung: Sonntag 21.7.2013 Hans Niethammer Schriftf\u00fchrer<\/p>\n","protected":false},"author":1,"featured_media":0,"comment_status":"closed","ping_status":"open","sticky":false,"template":"","format":"standard","meta":{"footnotes":""},"categories":[1],"tags":[],"class_list":["post-1091","post","type-post","status-publish","format-standard","hentry","category-aktuelles","no-thumb"],"_links":{"self":[{"href":"https:\/\/www.hwv-ammerbuch.de\/index.php?rest_route=\/wp\/v2\/posts\/1091","targetHints":{"allow":["GET"]}}],"collection":[{"href":"https:\/\/www.hwv-ammerbuch.de\/index.php?rest_route=\/wp\/v2\/posts"}],"about":[{"href":"https:\/\/www.hwv-ammerbuch.de\/index.php?rest_route=\/wp\/v2\/types\/post"}],"author":[{"embeddable":true,"href":"https:\/\/www.hwv-ammerbuch.de\/index.php?rest_route=\/wp\/v2\/users\/1"}],"replies":[{"embeddable":true,"href":"https:\/\/www.hwv-ammerbuch.de\/index.php?rest_route=%2Fwp%2Fv2%2Fcomments&post=1091"}],"version-history":[{"count":1,"href":"https:\/\/www.hwv-ammerbuch.de\/index.php?rest_route=\/wp\/v2\/posts\/1091\/revisions"}],"predecessor-version":[{"id":1397,"href":"https:\/\/www.hwv-ammerbuch.de\/index.php?rest_route=\/wp\/v2\/posts\/1091\/revisions\/1397"}],"wp:attachment":[{"href":"https:\/\/www.hwv-ammerbuch.de\/index.php?rest_route=%2Fwp%2Fv2%2Fmedia&parent=1091"}],"wp:term":[{"taxonomy":"category","embeddable":true,"href":"https:\/\/www.hwv-ammerbuch.de\/index.php?rest_route=%2Fwp%2Fv2%2Fcategories&post=1091"},{"taxonomy":"post_tag","embeddable":true,"href":"https:\/\/www.hwv-ammerbuch.de\/index.php?rest_route=%2Fwp%2Fv2%2Ftags&post=1091"}],"curies":[{"name":"wp","href":"https:\/\/api.w.org\/{rel}","templated":true}]}}