{"id":1088,"date":"2013-06-10T12:35:47","date_gmt":"2013-06-10T10:35:47","guid":{"rendered":"http:\/\/hwvammerbuch.wordpress.com\/?p=1088"},"modified":"2014-10-29T21:15:50","modified_gmt":"2014-10-29T21:15:50","slug":"vereinsnachrichten-woche-24-4","status":"publish","type":"post","link":"https:\/\/www.hwv-ammerbuch.de\/?p=1088","title":{"rendered":"Vereinsnachrichten Woche 24"},"content":{"rendered":"<p><strong>Sonnenwendfeier<br \/>\n<\/strong>Arbeitseinsatz zur Vorbereitung des Feuers am Donnerstag, 20.Juni 2013 ab 17 Uhr auf dem Palmberg und Abholung des Maibaumes vom H\u00fclenplatz. Unsere diesj\u00e4hrige Sonnenwendfeier findet am Freitag, dem 21. 6. 2013 auf dem Palmberg statt. Beginn ist um 19:00Uhr. Bei Einbruch der Dunkelheit wollen wir einen Fackelzug mit anschlie\u00dfender Entz\u00fcndung des Sonnenwendfeuers starten. Mit gemeinsamem Singen am Feuer wollen wir noch eine Weile gem\u00fctlich beisammen sein. F\u00fcr das leibliche Wohl wird auch gesorgt. Am Samstag ab 9 Uhr Aufr\u00e4umarbeiten.<\/p>\n","protected":false},"excerpt":{"rendered":"<p>Sonnenwendfeier Arbeitseinsatz zur Vorbereitung des Feuers am Donnerstag, 20.Juni 2013 ab 17 Uhr auf dem Palmberg und Abholung des Maibaumes vom H\u00fclenplatz. Unsere diesj\u00e4hrige Sonnenwendfeier findet am Freitag, dem 21. 6. 2013 auf dem Palmberg statt. Beginn ist um 19:00Uhr. Bei Einbruch der Dunkelheit wollen wir einen Fackelzug mit anschlie\u00dfender Entz\u00fcndung des Sonnenwendfeuers starten. MitContinue reading &rarr;<\/p>\n","protected":false},"author":1,"featured_media":0,"comment_status":"closed","ping_status":"open","sticky":false,"template":"","format":"standard","meta":{"footnotes":""},"categories":[1],"tags":[],"class_list":["post-1088","post","type-post","status-publish","format-standard","hentry","category-aktuelles","no-thumb"],"_links":{"self":[{"href":"https:\/\/www.hwv-ammerbuch.de\/index.php?rest_route=\/wp\/v2\/posts\/1088","targetHints":{"allow":["GET"]}}],"collection":[{"href":"https:\/\/www.hwv-ammerbuch.de\/index.php?rest_route=\/wp\/v2\/posts"}],"about":[{"href":"https:\/\/www.hwv-ammerbuch.de\/index.php?rest_route=\/wp\/v2\/types\/post"}],"author":[{"embeddable":true,"href":"https:\/\/www.hwv-ammerbuch.de\/index.php?rest_route=\/wp\/v2\/users\/1"}],"replies":[{"embeddable":true,"href":"https:\/\/www.hwv-ammerbuch.de\/index.php?rest_route=%2Fwp%2Fv2%2Fcomments&post=1088"}],"version-history":[{"count":1,"href":"https:\/\/www.hwv-ammerbuch.de\/index.php?rest_route=\/wp\/v2\/posts\/1088\/revisions"}],"predecessor-version":[{"id":1398,"href":"https:\/\/www.hwv-ammerbuch.de\/index.php?rest_route=\/wp\/v2\/posts\/1088\/revisions\/1398"}],"wp:attachment":[{"href":"https:\/\/www.hwv-ammerbuch.de\/index.php?rest_route=%2Fwp%2Fv2%2Fmedia&parent=1088"}],"wp:term":[{"taxonomy":"category","embeddable":true,"href":"https:\/\/www.hwv-ammerbuch.de\/index.php?rest_route=%2Fwp%2Fv2%2Fcategories&post=1088"},{"taxonomy":"post_tag","embeddable":true,"href":"https:\/\/www.hwv-ammerbuch.de\/index.php?rest_route=%2Fwp%2Fv2%2Ftags&post=1088"}],"curies":[{"name":"wp","href":"https:\/\/api.w.org\/{rel}","templated":true}]}}