{"id":1075,"date":"2013-05-13T09:31:22","date_gmt":"2013-05-13T07:31:22","guid":{"rendered":"http:\/\/hwvammerbuch.wordpress.com\/?p=1075"},"modified":"2014-10-29T21:15:50","modified_gmt":"2014-10-29T21:15:50","slug":"vereinsnachrichten-woche-20-3","status":"publish","type":"post","link":"https:\/\/www.hwv-ammerbuch.de\/?p=1075","title":{"rendered":"Vereinsnachrichten Woche 20"},"content":{"rendered":"<p><a href=\"http:\/\/hwvammerbuch.files.wordpress.com\/2013\/05\/aufsteller_2013.jpg\"><img loading=\"lazy\" decoding=\"async\" class=\"size-medium wp-image-1076 alignleft\" alt=\"Aufsteller_2013\" src=\"http:\/\/hwvammerbuch.files.wordpress.com\/2013\/05\/aufsteller_2013.jpg?w=202\" width=\"202\" height=\"450\" \/><\/a><em>\u00a0<\/em><\/p>\n<p><em>Die Maibaumaufsteller<\/em><br \/>\n<em>Von l.n.r: Timo Binder, Moritz Maisch, Lukas Baitinger, Marvin Baur, Adrian Schmid, Marcel Schmid, Toni Maisch, Michael Schaible, Marietta Sailer<\/em><\/p>\n<p><strong>Maibaumaufstellung<\/strong><br \/>\nMit starker Beteiligung unserer jungen Mitb\u00fcrger der Geburtsjahrg\u00e4nge 1995\/1996 wurde am 30. April beim H\u00fclenplatz in Poltringen der Maibaum aufgestellt.<br \/>\nDie jungen Leute schm\u00fcckten den diesj\u00e4hrigen Baum und brachten ihn mit Hilfe einiger kr\u00e4ftiger G\u00e4ste und Vereinsmitglieder in Position. Marietta Sailer erkl\u00e4rte die am Baum montierten Handwerkerzeichen. Vortr\u00e4ge von Fr\u00fchlingsgedichten und gemeinsames Singen rundete die Zeremonie ab. Auch viele G\u00e4ste erfreuten sich der Veranstaltung und genossen die Veranstaltung trotz erheblicher Luftfeuchtigkeit. Ein Verpflegungsstand sorgte f\u00fcr das leibliche Wohl.<\/p>\n<p><strong>Palmberghockete<\/strong><br \/>\nMit bester Unterhaltung durch die Roaler aus Oberndorf k\u00f6nnen wir die Palmberghockete vom 1. Mai als vollen Erfolg verbuchen. Ein ganz besonderes Dankesch\u00f6n ergeht hiermit an alle Helferinnen und Helfer die an den Vorbereitungen im Einsatz waren und vor Allem am 1. Mai selbst die G\u00e4ste mit Essen und Trinken, Kaffee und Kuchen versorgt haben. Unsere nun schon mehrmals wiederholte Aktion Schweinehals im Holzbackofen zu bereiten war wiederum ein Volltreffer. Herzlichen Dank auch an alle die einen Kuchen gespendet haben, die G\u00e4ste konnten sich einer reichlichen Auswahl erfreuen.<\/p>\n<p style=\"text-align:right;\">Hans Niethammer Schriftf\u00fchrer<\/p>\n","protected":false},"excerpt":{"rendered":"<p>\u00a0 Die Maibaumaufsteller Von l.n.r: Timo Binder, Moritz Maisch, Lukas Baitinger, Marvin Baur, Adrian Schmid, Marcel Schmid, Toni Maisch, Michael Schaible, Marietta Sailer Maibaumaufstellung Mit starker Beteiligung unserer jungen Mitb\u00fcrger der Geburtsjahrg\u00e4nge 1995\/1996 wurde am 30. April beim H\u00fclenplatz in Poltringen der Maibaum aufgestellt. Die jungen Leute schm\u00fcckten den diesj\u00e4hrigen Baum und brachten ihn mitContinue reading &rarr;<\/p>\n","protected":false},"author":1,"featured_media":0,"comment_status":"closed","ping_status":"open","sticky":false,"template":"","format":"standard","meta":{"footnotes":""},"categories":[1],"tags":[],"class_list":["post-1075","post","type-post","status-publish","format-standard","hentry","category-aktuelles","no-thumb"],"_links":{"self":[{"href":"https:\/\/www.hwv-ammerbuch.de\/index.php?rest_route=\/wp\/v2\/posts\/1075","targetHints":{"allow":["GET"]}}],"collection":[{"href":"https:\/\/www.hwv-ammerbuch.de\/index.php?rest_route=\/wp\/v2\/posts"}],"about":[{"href":"https:\/\/www.hwv-ammerbuch.de\/index.php?rest_route=\/wp\/v2\/types\/post"}],"author":[{"embeddable":true,"href":"https:\/\/www.hwv-ammerbuch.de\/index.php?rest_route=\/wp\/v2\/users\/1"}],"replies":[{"embeddable":true,"href":"https:\/\/www.hwv-ammerbuch.de\/index.php?rest_route=%2Fwp%2Fv2%2Fcomments&post=1075"}],"version-history":[{"count":1,"href":"https:\/\/www.hwv-ammerbuch.de\/index.php?rest_route=\/wp\/v2\/posts\/1075\/revisions"}],"predecessor-version":[{"id":1401,"href":"https:\/\/www.hwv-ammerbuch.de\/index.php?rest_route=\/wp\/v2\/posts\/1075\/revisions\/1401"}],"wp:attachment":[{"href":"https:\/\/www.hwv-ammerbuch.de\/index.php?rest_route=%2Fwp%2Fv2%2Fmedia&parent=1075"}],"wp:term":[{"taxonomy":"category","embeddable":true,"href":"https:\/\/www.hwv-ammerbuch.de\/index.php?rest_route=%2Fwp%2Fv2%2Fcategories&post=1075"},{"taxonomy":"post_tag","embeddable":true,"href":"https:\/\/www.hwv-ammerbuch.de\/index.php?rest_route=%2Fwp%2Fv2%2Ftags&post=1075"}],"curies":[{"name":"wp","href":"https:\/\/api.w.org\/{rel}","templated":true}]}}