{"id":1047,"date":"2013-04-16T12:45:20","date_gmt":"2013-04-16T10:45:20","guid":{"rendered":"http:\/\/hwvammerbuch.wordpress.com\/?p=1047"},"modified":"2014-12-29T20:18:20","modified_gmt":"2014-12-29T20:18:20","slug":"protokoll-jahreshauptversammlung-2","status":"publish","type":"post","link":"https:\/\/www.hwv-ammerbuch.de\/?p=1047","title":{"rendered":"Protokoll Jahreshauptversammlung"},"content":{"rendered":"<p>Einstimmig wiedergew\u00e4hlt haben die 25 anwesenden Mitglieder, die zur Jahreshauptversammlung am 8. M\u00e4rz 2013 zur Wahl anstehenden Posten, die bisherigen Inhaber. Da es keine neuen Vorschl\u00e4ge gab wurden Egon Bischofberger 2. Vorsitzender, Hans Niethammer Schriftf\u00fchrer, Gerold Sailer Wanderwart, und Anneliese Schoensee 2. H\u00fcttenwartin. f\u00fcr weitere 2 Jahre in ihren \u00c4mtern best\u00e4tigt.<\/p>\n<p>In ihrem Bericht erw\u00e4hnte die 1. Vorsitzende Margot Sailer die regen Vereinsaktivit\u00e4ten im vergangenen Jahr.<\/p>\n<p>Wiederkehrende Veranstaltungen wie Maibaumaufstellung, Sonnenwendfeier, Preisbinokel, Zwiebelkuchenfest, Weihnachtsbazar und die Organisation eines Verpflegungsstandes beim Poltringer Fasnetsumzug wurden, Dank der flei\u00dfigen Helfer aus dem Kreise der Mitglieder, ebenso erfolgreich durchgef\u00fchrt wie die Vereinswanderungen, die Arbeitseins\u00e4tze auf dem Vereinsgel\u00e4nde und an der Palmbergh\u00fctte sowie auch die Teilnahme an der von der Ortsverwaltung organisierten Fleckaputzete. Sie gibt den Wunsch aus einer Ausschusssitzung weiter, an der Jahreshauptversammlung nicht nur die vergangenen Aktivit\u00e4ten zu loben. Aus Erfahrung der letzten Jahre ist es notwendig auch mal darauf hinzuweisen, dass die Arbeitseins\u00e4tze von den Mitgliedern nur sehr d\u00fcrftig besucht werden.<\/p>\n<p>Auch die Vereinskasse weist ordentliche Zahlen aus und wurde gem\u00e4\u00df Bericht der Kassenpr\u00fcferinnen Renate F\u00fcger und Margarete Sailer ordentlich gef\u00fchrt so, dass der anwesende Ortsvorsteher Herr Reinhold Hess der Vereinsleitung hervorragende Arbeit bescheinigte und der Versammlung die Entlastung der gesamten Vorstandschaft empfahl. Die Entlastung endete mit einer einstimmigen Best\u00e4tigung.<\/p>\n<p>Der 1. H\u00fcttenwart Wolfgang Mang berichtet \u00fcber erfolgreich durchgef\u00fchrte H\u00fcttenvermietungen und den eigenen H\u00fctten\u00f6ffnungsterminen. Er bedankt sich bei der 2. H\u00fcttenwartin Anneliese Schoensee und bei den H\u00fcttenwirten f\u00fcr ihre Eins\u00e4tze.<\/p>\n<p>Kulturwartin Erika Niethammer berichtete \u00fcber 35 kurzweilige Stricknachmittage in der Palmbergh\u00fctte und dem 1. erfolgreichen Weihnachtsbazar mit den Produkten der Strickgruppe.<\/p>\n<p>Platzwart Willi Friedrich z\u00e4hlt die umfangreichen T\u00e4tigkeiten auf dem Vereinsgel\u00e4nde und bei Veranstaltungen auf. Er w\u00fcnscht sich f\u00fcr die Zukunft mehr Mitglieder bei Arbeitseins\u00e4tzen begr\u00fc\u00dfen zu d\u00fcrfen.<\/p>\n<p>Wanderwart Gerold Sailer berichtet \u00fcber 7 Wanderveranstaltungen und zeigt Bilder von Denselben.<\/p>\n<p>Die Erh\u00f6hung der Vereinsbeitr\u00e4ge war schon seit l\u00e4ngerer Zeit Thema im Ausschuss. Nicht zuletzt wegen der Erhaltung der Gemeinn\u00fctzigkeit. Es wurde auch keine Beitragserh\u00f6hung seit Bestehen des Vereins festgestellt.<\/p>\n<p>Vereinsmitglied Norbert Ruthard wurde f\u00fcr 25 Jahre Jahre Vereinszugeh\u00f6rigkeit geehrt.<\/p>\n<p>Die Schlussworte der 1. Vorsitzenden beinhalteten die Motivation an die Mitglieder sich an kommenden Veranstaltungen aktiv zu beteiligen. Jetzt schon f\u00fcr die Palmberghocketse am 1. Mai zu werben und sich in die Liste der Helfer\/innen einzutragen.<\/p>\n<p style=\"text-align:right;\">Hans Niethammer Schriftf\u00fchrer<\/p>\n","protected":false},"excerpt":{"rendered":"<p>Einstimmig wiedergew\u00e4hlt haben die 25 anwesenden Mitglieder, die zur Jahreshauptversammlung am 8. M\u00e4rz 2013 zur Wahl anstehenden Posten, die bisherigen Inhaber. Da es keine neuen Vorschl\u00e4ge gab wurden Egon Bischofberger 2. Vorsitzender, Hans Niethammer Schriftf\u00fchrer, Gerold Sailer Wanderwart, und Anneliese Schoensee 2. H\u00fcttenwartin. f\u00fcr weitere 2 Jahre in ihren \u00c4mtern best\u00e4tigt. In ihrem Bericht erw\u00e4hnteContinue reading &rarr;<\/p>\n","protected":false},"author":1,"featured_media":0,"comment_status":"closed","ping_status":"open","sticky":false,"template":"","format":"standard","meta":{"footnotes":""},"categories":[1],"tags":[],"class_list":["post-1047","post","type-post","status-publish","format-standard","hentry","category-aktuelles","no-thumb"],"_links":{"self":[{"href":"https:\/\/www.hwv-ammerbuch.de\/index.php?rest_route=\/wp\/v2\/posts\/1047","targetHints":{"allow":["GET"]}}],"collection":[{"href":"https:\/\/www.hwv-ammerbuch.de\/index.php?rest_route=\/wp\/v2\/posts"}],"about":[{"href":"https:\/\/www.hwv-ammerbuch.de\/index.php?rest_route=\/wp\/v2\/types\/post"}],"author":[{"embeddable":true,"href":"https:\/\/www.hwv-ammerbuch.de\/index.php?rest_route=\/wp\/v2\/users\/1"}],"replies":[{"embeddable":true,"href":"https:\/\/www.hwv-ammerbuch.de\/index.php?rest_route=%2Fwp%2Fv2%2Fcomments&post=1047"}],"version-history":[{"count":1,"href":"https:\/\/www.hwv-ammerbuch.de\/index.php?rest_route=\/wp\/v2\/posts\/1047\/revisions"}],"predecessor-version":[{"id":1403,"href":"https:\/\/www.hwv-ammerbuch.de\/index.php?rest_route=\/wp\/v2\/posts\/1047\/revisions\/1403"}],"wp:attachment":[{"href":"https:\/\/www.hwv-ammerbuch.de\/index.php?rest_route=%2Fwp%2Fv2%2Fmedia&parent=1047"}],"wp:term":[{"taxonomy":"category","embeddable":true,"href":"https:\/\/www.hwv-ammerbuch.de\/index.php?rest_route=%2Fwp%2Fv2%2Fcategories&post=1047"},{"taxonomy":"post_tag","embeddable":true,"href":"https:\/\/www.hwv-ammerbuch.de\/index.php?rest_route=%2Fwp%2Fv2%2Ftags&post=1047"}],"curies":[{"name":"wp","href":"https:\/\/api.w.org\/{rel}","templated":true}]}}