{"id":1044,"date":"2013-04-16T12:53:29","date_gmt":"2013-04-16T10:53:29","guid":{"rendered":"http:\/\/hwvammerbuch.wordpress.com\/?p=1044"},"modified":"2014-10-29T21:15:50","modified_gmt":"2014-10-29T21:15:50","slug":"vereinsnachrichten-woche-16-3","status":"publish","type":"post","link":"https:\/\/www.hwv-ammerbuch.de\/?p=1044","title":{"rendered":"Vereinsnachrichten Woche 16"},"content":{"rendered":"<p><strong>Hallo Jugendliche des Jahrgangs 1995\/1996<\/strong><\/p>\n<p><strong><\/strong>Bald ist es soweit- der Maibaum wird aufgestellt. In vielen Gemeinden macht die Jugend mit &#8211; und so ist es auch bei uns. Wir treffen uns am Dienstag, 30. 4. 2013 ab\u00a017 Uhr am H\u00fclenplatz (Entringer Str. gegen\u00fcber Flaschnerei Sailer).<br \/>\nDie M\u00e4dchen schm\u00fccken mit B\u00e4ndern den Maibaum. Die Jungs montieren die Holzschilder. (Arbeitskleidung, Arbeitshandschuhe) Das Ganze dauert etwa 1 Stunde.<br \/>\nUm 19 Uhr ist es dann soweit. Der Maibaum wird von den Jahrg\u00e4ngern aufgestellt.<br \/>\nAlso zeigt, was in Euch steckt!<\/p>\n<p>Leider haben wir nicht alle Adressen. Es w\u00e4re nett, wenn ihr euren Jahrg\u00e4ngern\/innen Bescheid geben k\u00f6nnt. &#8222;Zugezogene&#8220; sind herzlich willkommen.<br \/>\nIhr k\u00f6nnt Euch \u00fcber facebook mit Eurer Jahrg\u00e4ngerin Marietta Sailer in Verbindung setzen. Hier ihre facebook Adresse: Marie Sailer.<\/p>\n<p><strong>Maibaumaufstellen am 30.4.2013<br \/>\n<\/strong>Wer wei\u00df ein sch\u00f6nes Fr\u00fchlingsgedicht, oder ein Lied, oder wer m\u00f6chte beim Maibaumaufstellen einen kleinen Vortrag machen?<br \/>\nBitte meldet Euch bei Margot Sailer (070732127)<br \/>\nMargot Sailer 1. Vorsitzende<\/p>\n<p><strong>Kuchenspendenaufruf und Helfer\/innen<br \/>\n<\/strong>Zur Palmberghockete am 1. Mai 2013 werden dringend noch einige Kuchen ben\u00f6tigt.\u00a0Kuchenspender\/innen bitte meldet euch.<br \/>\nEbenso fehlt es noch sehr an Personal f\u00fcr viele T\u00e4tigkeiten bei der Veranstaltung der Palmberghockete ebenso wie beim Auf- und Abbau der notwendigen Einrichtungen f\u00fcr die Veranstaltung.<br \/>\nBitte meldet Euch bei Margot Sailer 07073 2127<\/p>\n<p style=\"text-align:right;\">Schriftf\u00fchrer Hans Niethammer<\/p>\n","protected":false},"excerpt":{"rendered":"<p>Hallo Jugendliche des Jahrgangs 1995\/1996 Bald ist es soweit- der Maibaum wird aufgestellt. In vielen Gemeinden macht die Jugend mit &#8211; und so ist es auch bei uns. Wir treffen uns am Dienstag, 30. 4. 2013 ab\u00a017 Uhr am H\u00fclenplatz (Entringer Str. gegen\u00fcber Flaschnerei Sailer). Die M\u00e4dchen schm\u00fccken mit B\u00e4ndern den Maibaum. Die Jungs montierenContinue reading &rarr;<\/p>\n","protected":false},"author":1,"featured_media":0,"comment_status":"closed","ping_status":"open","sticky":false,"template":"","format":"standard","meta":{"footnotes":""},"categories":[1],"tags":[],"class_list":["post-1044","post","type-post","status-publish","format-standard","hentry","category-aktuelles","no-thumb"],"_links":{"self":[{"href":"https:\/\/www.hwv-ammerbuch.de\/index.php?rest_route=\/wp\/v2\/posts\/1044","targetHints":{"allow":["GET"]}}],"collection":[{"href":"https:\/\/www.hwv-ammerbuch.de\/index.php?rest_route=\/wp\/v2\/posts"}],"about":[{"href":"https:\/\/www.hwv-ammerbuch.de\/index.php?rest_route=\/wp\/v2\/types\/post"}],"author":[{"embeddable":true,"href":"https:\/\/www.hwv-ammerbuch.de\/index.php?rest_route=\/wp\/v2\/users\/1"}],"replies":[{"embeddable":true,"href":"https:\/\/www.hwv-ammerbuch.de\/index.php?rest_route=%2Fwp%2Fv2%2Fcomments&post=1044"}],"version-history":[{"count":1,"href":"https:\/\/www.hwv-ammerbuch.de\/index.php?rest_route=\/wp\/v2\/posts\/1044\/revisions"}],"predecessor-version":[{"id":1402,"href":"https:\/\/www.hwv-ammerbuch.de\/index.php?rest_route=\/wp\/v2\/posts\/1044\/revisions\/1402"}],"wp:attachment":[{"href":"https:\/\/www.hwv-ammerbuch.de\/index.php?rest_route=%2Fwp%2Fv2%2Fmedia&parent=1044"}],"wp:term":[{"taxonomy":"category","embeddable":true,"href":"https:\/\/www.hwv-ammerbuch.de\/index.php?rest_route=%2Fwp%2Fv2%2Fcategories&post=1044"},{"taxonomy":"post_tag","embeddable":true,"href":"https:\/\/www.hwv-ammerbuch.de\/index.php?rest_route=%2Fwp%2Fv2%2Ftags&post=1044"}],"curies":[{"name":"wp","href":"https:\/\/api.w.org\/{rel}","templated":true}]}}