{"id":1022,"date":"2013-03-04T12:00:42","date_gmt":"2013-03-04T10:00:42","guid":{"rendered":"http:\/\/hwvammerbuch.wordpress.com\/?p=1022"},"modified":"2013-03-04T12:00:42","modified_gmt":"2013-03-04T10:00:42","slug":"vereinsnachrichten-woche-10-3","status":"publish","type":"post","link":"https:\/\/www.hwv-ammerbuch.de\/?p=1022","title":{"rendered":"Vereinsnachrichten Woche 10"},"content":{"rendered":"<p><strong>Jahreshauptversammlung<\/strong><br \/>\nWie bereits angek\u00fcndigt findet unsere diesj\u00e4hrige Hauptversammlung am Freitag 8.3.2013 um 20:00 Uhr in der Palmbergh\u00fctte statt.<\/p>\n<p><strong>H\u00fcttenbewirtschaftung<\/strong><br \/>\nAm Sonntag, 10.3.2013 ist die Palmbergh\u00fctte ab 14:00 Uhr ge\u00f6ffnet. Auf die G\u00e4ste freuen sich Daniela und Martin Flaisch.<\/p>\n<p style=\"text-align:right;\">Hans Niethammer Schriftf\u00fchrer<\/p>\n","protected":false},"excerpt":{"rendered":"<p>Jahreshauptversammlung Wie bereits angek\u00fcndigt findet unsere diesj\u00e4hrige Hauptversammlung am Freitag 8.3.2013 um 20:00 Uhr in der Palmbergh\u00fctte statt. H\u00fcttenbewirtschaftung Am Sonntag, 10.3.2013 ist die Palmbergh\u00fctte ab 14:00 Uhr ge\u00f6ffnet. Auf die G\u00e4ste freuen sich Daniela und Martin Flaisch. Hans Niethammer Schriftf\u00fchrer<\/p>\n","protected":false},"author":1,"featured_media":0,"comment_status":"open","ping_status":"open","sticky":false,"template":"","format":"standard","meta":{"footnotes":""},"categories":[1],"tags":[],"class_list":["post-1022","post","type-post","status-publish","format-standard","hentry","category-aktuelles","no-thumb"],"_links":{"self":[{"href":"https:\/\/www.hwv-ammerbuch.de\/index.php?rest_route=\/wp\/v2\/posts\/1022","targetHints":{"allow":["GET"]}}],"collection":[{"href":"https:\/\/www.hwv-ammerbuch.de\/index.php?rest_route=\/wp\/v2\/posts"}],"about":[{"href":"https:\/\/www.hwv-ammerbuch.de\/index.php?rest_route=\/wp\/v2\/types\/post"}],"author":[{"embeddable":true,"href":"https:\/\/www.hwv-ammerbuch.de\/index.php?rest_route=\/wp\/v2\/users\/1"}],"replies":[{"embeddable":true,"href":"https:\/\/www.hwv-ammerbuch.de\/index.php?rest_route=%2Fwp%2Fv2%2Fcomments&post=1022"}],"version-history":[{"count":0,"href":"https:\/\/www.hwv-ammerbuch.de\/index.php?rest_route=\/wp\/v2\/posts\/1022\/revisions"}],"wp:attachment":[{"href":"https:\/\/www.hwv-ammerbuch.de\/index.php?rest_route=%2Fwp%2Fv2%2Fmedia&parent=1022"}],"wp:term":[{"taxonomy":"category","embeddable":true,"href":"https:\/\/www.hwv-ammerbuch.de\/index.php?rest_route=%2Fwp%2Fv2%2Fcategories&post=1022"},{"taxonomy":"post_tag","embeddable":true,"href":"https:\/\/www.hwv-ammerbuch.de\/index.php?rest_route=%2Fwp%2Fv2%2Ftags&post=1022"}],"curies":[{"name":"wp","href":"https:\/\/api.w.org\/{rel}","templated":true}]}}