{"id":315,"date":"2010-02-15T23:24:41","date_gmt":"2010-02-15T21:24:41","guid":{"rendered":"http:\/\/hwvammerbuch.wordpress.com\/?p=315"},"modified":"2010-02-15T23:24:41","modified_gmt":"2010-02-15T21:24:41","slug":"315","status":"publish","type":"post","link":"http:\/\/www.hwv-ammerbuch.de\/?p=315","title":{"rendered":""},"content":{"rendered":"<p><strong>Einladung zur Jahreshauptversammlung<\/strong><br \/>\nAm Samstag, 6. M\u00e4rz 2010 in der Palmbergh\u00fctte<br \/>\nBeginn: 20:00 Uhr<\/p>\n<p>Tagesordnung:<br \/>\n1.   Begr\u00fc\u00dfung durch die 1. Vorsitzende und Bericht<br \/>\n2.   Bericht der Kassiererin<br \/>\n3.   Bericht der Kassenpr\u00fcferinnen<br \/>\n4.   Bericht des Schriftf\u00fchrers<br \/>\n5.   Bericht des H\u00fcttenwartes<br \/>\n6.   Bericht der Volkstanzleiterin<br \/>\n7.   Bericht des Platzwartes<br \/>\n8.   Bericht des Wanderwartes<br \/>\n9.   Entlastungen<br \/>\n10.  Ehrungen<br \/>\n&#8211;Pause&#8211;<br \/>\n11.  Neuwahlen<br \/>\n12.  Satzungs\u00e4nderung<br \/>\n13. Antr\u00e4ge\/Verschiedenes\t<\/p>\n<p>Antr\u00e4ge zur Tagesordnung sind bis sp\u00e4testens 27.2.2010 an die 1. Vorsitzende<br \/>\nMargot Sailer zu richten.<\/p>\n<p><strong>H\u00fcttenbetrieb<\/strong><br \/>\nAm Dienstag, dem 23.2.2010 ist die Palmbergh\u00fctte ab 15:00 Uhr ge\u00f6ffnet. Auf regen Besuch in guter Stimmung freut sich die H\u00fcttenwirtin Inge Sailer.<\/p>\n<p><strong>Stricken in der Palmbergh\u00fctte<\/strong><br \/>\nAm Donnerstag 25.02.2010 ab 14:00 Uhr. G\u00e4ste sind herzlich willkommen.<\/p>\n<p>Bitte vormerken<br \/>\nHalbtageswanderung am Sonntag 28.2.2010<\/p>\n","protected":false},"excerpt":{"rendered":"<p>Einladung zur Jahreshauptversammlung Am Samstag, 6. M\u00e4rz 2010 in der Palmbergh\u00fctte Beginn: 20:00 Uhr Tagesordnung: 1. Begr\u00fc\u00dfung durch die 1. Vorsitzende und Bericht 2. Bericht der Kassiererin 3. Bericht der Kassenpr\u00fcferinnen 4. Bericht des Schriftf\u00fchrers 5. Bericht des H\u00fcttenwartes 6. Bericht der Volkstanzleiterin 7. Bericht des Platzwartes 8. Bericht des Wanderwartes 9. Entlastungen 10. EhrungenContinue reading &rarr;<\/p>\n","protected":false},"author":1,"featured_media":0,"comment_status":"open","ping_status":"open","sticky":false,"template":"","format":"standard","meta":{"footnotes":""},"categories":[1],"tags":[],"class_list":["post-315","post","type-post","status-publish","format-standard","hentry","category-aktuelles","no-thumb"],"_links":{"self":[{"href":"http:\/\/www.hwv-ammerbuch.de\/index.php?rest_route=\/wp\/v2\/posts\/315","targetHints":{"allow":["GET"]}}],"collection":[{"href":"http:\/\/www.hwv-ammerbuch.de\/index.php?rest_route=\/wp\/v2\/posts"}],"about":[{"href":"http:\/\/www.hwv-ammerbuch.de\/index.php?rest_route=\/wp\/v2\/types\/post"}],"author":[{"embeddable":true,"href":"http:\/\/www.hwv-ammerbuch.de\/index.php?rest_route=\/wp\/v2\/users\/1"}],"replies":[{"embeddable":true,"href":"http:\/\/www.hwv-ammerbuch.de\/index.php?rest_route=%2Fwp%2Fv2%2Fcomments&post=315"}],"version-history":[{"count":0,"href":"http:\/\/www.hwv-ammerbuch.de\/index.php?rest_route=\/wp\/v2\/posts\/315\/revisions"}],"wp:attachment":[{"href":"http:\/\/www.hwv-ammerbuch.de\/index.php?rest_route=%2Fwp%2Fv2%2Fmedia&parent=315"}],"wp:term":[{"taxonomy":"category","embeddable":true,"href":"http:\/\/www.hwv-ammerbuch.de\/index.php?rest_route=%2Fwp%2Fv2%2Fcategories&post=315"},{"taxonomy":"post_tag","embeddable":true,"href":"http:\/\/www.hwv-ammerbuch.de\/index.php?rest_route=%2Fwp%2Fv2%2Ftags&post=315"}],"curies":[{"name":"wp","href":"https:\/\/api.w.org\/{rel}","templated":true}]}}